{"id":56108,"date":"2023-06-06T13:48:00","date_gmt":"2023-06-06T18:48:00","guid":{"rendered":"http:\/\/www.zonaroja.com.mx\/?p=56108"},"modified":"2023-06-06T07:51:47","modified_gmt":"2023-06-06T12:51:47","slug":"fiscal-supervisa-el-funcionamiento-de-la-vicefiscalia-de-la-mixteca","status":"publish","type":"post","link":"https:\/\/zonaroja.com.mx\/?p=56108","title":{"rendered":"Fiscal supervisa el funcionamiento de la Vicefiscal\u00eda de la Mixteca"},"content":{"rendered":"\n<p>Redacci\u00f3n\/Zona Roja.<\/p>\n\n\n\n<p>Oaxaca de Ju\u00e1rez, Oax., a 6 de junio de 2023.- Al realizar un recorrido por las instalaciones de la Vicefiscal\u00eda Regional de la Mixteca, el fiscal General del Estado de Oaxaca, Bernardo Rodr\u00edguez Alamilla, reiter\u00f3 que el trabajo coordinado y conjunto con la plantilla laboral de la instituci\u00f3n es una prioridad para fortalecer la atenci\u00f3n a personas v\u00edctimas de delitos.<\/p>\n\n\n\n<p>Sostuvo que parte fundamental de las acciones emprendidas en esta administraci\u00f3n, consiste en realizar una reingenier\u00eda de forma y fondo para dar mejores resultados a la ciudadan\u00eda, por lo que es fundamental entablar un contacto permanente con las y los trabajadores del organismo procurador de justicia.<\/p>\n\n\n\n<p>Rodr\u00edguez Alamilla resalt\u00f3 que poder reunirse con el personal administrativo, ministerios p\u00fablicos, agentes de investigaci\u00f3n y responsables de las diferentes \u00e1reas que laboran en la regi\u00f3n, le permite conocer los retos cotidianos que enfrentan al momento de realizar su trabajo, adem\u00e1s de que ellas y ellos pueden brindar informaci\u00f3n relevante sobre la situaci\u00f3n que prevalece en las comunidades.<\/p>\n\n\n\n<p>Asimismo, refrend\u00f3 el compromiso de trabajar para el mejoramiento de los servicios de atenci\u00f3n a las v\u00edctimas, sin embargo, para lograrlo es necesario tambi\u00e9n mejorar las condiciones de las y los trabajadores, pues las instituciones est\u00e1n hechas por personas.<\/p>\n\n\n\n<p>Y aprovech\u00f3 para reconocer el trabajo cotidiano de quienes colaboran en esa oficina regional de la Fiscal\u00eda General del Estado, a quienes encomend\u00f3 impulsar una procuraci\u00f3n de justicia desde una perspectiva que privilegie la atenci\u00f3n de las v\u00edctimas y sus derechos.<\/p>\n\n\n\n<p>Finalmente, reiter\u00f3 que la reingenier\u00eda institucional busca que los resultados que se le den a la ciudadan\u00eda, pero especialmente a las v\u00edctimas, les permita tener certeza jur\u00eddica, as\u00ed como acceso a la justicia y a la reparaci\u00f3n del da\u00f1o.<\/p>\n","protected":false},"excerpt":{"rendered":"<p>Redacci\u00f3n\/Zona Roja. Oaxaca de Ju\u00e1rez, Oax., a 6 de junio de 2023.- Al realizar un&hellip;<\/p>\n","protected":false},"author":2,"featured_media":56109,"comment_status":"closed","ping_status":"open","sticky":false,"template":"","format":"standard","meta":{"_lmt_disableupdate":"","_lmt_disable":"","_jetpack_memberships_contains_paid_content":false,"footnotes":""},"categories":[109,46],"tags":[494],"class_list":["post-56108","post","type-post","status-publish","format-standard","has-post-thumbnail","hentry","category-minuto-a-minuto","category-zona-blanca","tag-fiscalia-general-del-estado-de-oaxaca"],"jetpack_featured_media_url":"https:\/\/zonaroja.com.mx\/wp-content\/uploads\/2023\/06\/Recorrido-fiscal-Vicefiscalia-Mixteca.jpeg","jetpack_sharing_enabled":true,"_links":{"self":[{"href":"https:\/\/zonaroja.com.mx\/index.php?rest_route=\/wp\/v2\/posts\/56108","targetHints":{"allow":["GET"]}}],"collection":[{"href":"https:\/\/zonaroja.com.mx\/index.php?rest_route=\/wp\/v2\/posts"}],"about":[{"href":"https:\/\/zonaroja.com.mx\/index.php?rest_route=\/wp\/v2\/types\/post"}],"author":[{"embeddable":true,"href":"https:\/\/zonaroja.com.mx\/index.php?rest_route=\/wp\/v2\/users\/2"}],"replies":[{"embeddable":true,"href":"https:\/\/zonaroja.com.mx\/index.php?rest_route=%2Fwp%2Fv2%2Fcomments&post=56108"}],"version-history":[{"count":1,"href":"https:\/\/zonaroja.com.mx\/index.php?rest_route=\/wp\/v2\/posts\/56108\/revisions"}],"predecessor-version":[{"id":56110,"href":"https:\/\/zonaroja.com.mx\/index.php?rest_route=\/wp\/v2\/posts\/56108\/revisions\/56110"}],"wp:featuredmedia":[{"embeddable":true,"href":"https:\/\/zonaroja.com.mx\/index.php?rest_route=\/wp\/v2\/media\/56109"}],"wp:attachment":[{"href":"https:\/\/zonaroja.com.mx\/index.php?rest_route=%2Fwp%2Fv2%2Fmedia&parent=56108"}],"wp:term":[{"taxonomy":"category","embeddable":true,"href":"https:\/\/zonaroja.com.mx\/index.php?rest_route=%2Fwp%2Fv2%2Fcategories&post=56108"},{"taxonomy":"post_tag","embeddable":true,"href":"https:\/\/zonaroja.com.mx\/index.php?rest_route=%2Fwp%2Fv2%2Ftags&post=56108"}],"curies":[{"name":"wp","href":"https:\/\/api.w.org\/{rel}","templated":true}]}}