{"id":56111,"date":"2023-06-06T10:30:00","date_gmt":"2023-06-06T15:30:00","guid":{"rendered":"http:\/\/www.zonaroja.com.mx\/?p=56111"},"modified":"2023-06-06T07:55:24","modified_gmt":"2023-06-06T12:55:24","slug":"logra-fiscalia-de-oaxaca-tres-sentencias-de-mas-de-30-anos-cada-una","status":"publish","type":"post","link":"https:\/\/zonaroja.com.mx\/?p=56111","title":{"rendered":"Logra Fiscal\u00eda de Oaxaca tres sentencias, de m\u00e1s de 30 a\u00f1os cada una"},"content":{"rendered":"\n<p>Redacci\u00f3n\/Zona Roja.<\/p>\n\n\n\n<p>Oaxaca de Ju\u00e1rez, Oax., a 6 de junio de 2023.- La Fiscal\u00eda General del Estado de Oaxaca (FGEO) logr\u00f3 dos sentencias condenatorias, de 30 a\u00f1os de prisi\u00f3n cada una, derivado de las investigaciones realizadas en torno a dos casos de Homicidio (diferentes), delitos cometidos en la regi\u00f3n de la Mixteca.<\/p>\n\n\n\n<p>El primero de los casos sucedi\u00f3 el 19 de septiembre de 2021, en un rancho localizado en la poblaci\u00f3n de San Juan Teponaxtla, perteneciente al municipio de Putla Villa de Guerrero, donde C. O. A. agredi\u00f3 con un machete a N. E. L., quien sufri\u00f3 severas lesiones por las que perdi\u00f3 la vida cuando lo trasladaban a un hospital.<\/p>\n\n\n\n<p>La Fiscal\u00eda de Oaxaca, a trav\u00e9s de la Vicefiscal\u00eda Regional de la Mixteca, tom\u00f3 conocimiento del caso y realiz\u00f3 las investigaciones que permitieron aprehender al imputado y presentarlo ante el Juez quien, tras evaluar los datos de prueba aportados, impuso la pena de 30 a\u00f1os de prisi\u00f3n en contra de C. O. A., por el delito de Homicidio Calificado e impuso el pago de m\u00e1s de 450 mil pesos en efectivo por reparaci\u00f3n del da\u00f1o.<\/p>\n\n\n\n<p>El segundo hecho ocurri\u00f3 el 29 de octubre de 2022 en el Barrio Manantial de Putla Villa de Guerrero, cuando A. B. S. agredi\u00f3 con un objeto corto-contundente a S.M. J.<\/p>\n\n\n\n<p>La Vicefiscal\u00eda Regional de la Mixteca realiz\u00f3 una exhaustiva investigaci\u00f3n que deriv\u00f3 en la aprehensi\u00f3n del imputado, quedando a disposici\u00f3n del Juez, quien dict\u00f3 sentencia condenatoria de 30 a\u00f1os de prisi\u00f3n e impuso el pago de m\u00e1s de 480 mil pesos en contra de A. B. S. por su responsabilidad en la comisi\u00f3n del delito de Homicidio Calificado.<\/p>\n\n\n\n<p>POR VIOLACI\u00d3N<\/p>\n\n\n\n<p>Por otra parte, una sentencia superior a los 32 a\u00f1os de prisi\u00f3n, obtuvo la Fiscal\u00eda General gracias al trabajo con perspectiva de g\u00e9nero que realiz\u00f3 al investigar los delitos Abuso Sexual Agravada y Violaci\u00f3n Agravada, cometidos por la persona del sexo masculino identificada como A. M. C., en agravio de una adolescente.<\/p>\n\n\n\n<p>De acuerdo con el expediente penal, los hechos ocurrieron en dos ocasiones, el 2 de noviembre de 2020 y el 14 de febrero de 2021, en un domicilio particular de la poblaci\u00f3n de San Isidro Manteca, en el municipio de San Carlos Yautepec.<\/p>\n\n\n\n<p>En el lugar, el sentenciado, A. M. C. agredi\u00f3 sexualmente a una adolescente, por lo que la v\u00edctima comunic\u00f3 los hechos a sus familiares quienes la respaldaron para presentar la denuncia ante la<\/p>\n\n\n\n<p>FGEO, el caso qued\u00f3 a cargo de la Vicefiscal\u00eda Regional del Istmo que inici\u00f3 las investigaciones que permitieron ejecutar una orden de aprehensi\u00f3n contra el imputado.<\/p>\n\n\n\n<p>Luego de reunir las pruebas suficientes y presentarlas ante el Juez que atiende la causa, \u00e9ste dict\u00f3 sentencia condenatoria de 32 a\u00f1os y 3 meses de prisi\u00f3n en contra de A. M. C., adem\u00e1s que impuso el pago superior a los 140 mil pesos como multa por su responsabilidad en la comisi\u00f3n de los delitos de Abuso Sexual Agravado y Violaci\u00f3n Agravada.<\/p>\n\n\n\n<p>La Fiscal\u00eda de Oaxaca realiza trabajos con perspectiva de g\u00e9nero en casos de agresiones sexuales contra mueres para considerar las particularidades de las v\u00edctimas dentro de las investigaciones para obtener las sentencias m\u00e1s severas en contra de los responsables.<\/p>\n","protected":false},"excerpt":{"rendered":"<p>Redacci\u00f3n\/Zona Roja. Oaxaca de Ju\u00e1rez, Oax., a 6 de junio de 2023.- La Fiscal\u00eda General&hellip;<\/p>\n","protected":false},"author":2,"featured_media":42253,"comment_status":"closed","ping_status":"open","sticky":false,"template":"","format":"standard","meta":{"_lmt_disableupdate":"","_lmt_disable":"","_jetpack_memberships_contains_paid_content":false,"footnotes":""},"categories":[109,46],"tags":[494],"class_list":["post-56111","post","type-post","status-publish","format-standard","has-post-thumbnail","hentry","category-minuto-a-minuto","category-zona-blanca","tag-fiscalia-general-del-estado-de-oaxaca"],"jetpack_featured_media_url":"https:\/\/zonaroja.com.mx\/wp-content\/uploads\/2022\/06\/Tribunal-sentencia-2.jpeg","jetpack_sharing_enabled":true,"_links":{"self":[{"href":"https:\/\/zonaroja.com.mx\/index.php?rest_route=\/wp\/v2\/posts\/56111","targetHints":{"allow":["GET"]}}],"collection":[{"href":"https:\/\/zonaroja.com.mx\/index.php?rest_route=\/wp\/v2\/posts"}],"about":[{"href":"https:\/\/zonaroja.com.mx\/index.php?rest_route=\/wp\/v2\/types\/post"}],"author":[{"embeddable":true,"href":"https:\/\/zonaroja.com.mx\/index.php?rest_route=\/wp\/v2\/users\/2"}],"replies":[{"embeddable":true,"href":"https:\/\/zonaroja.com.mx\/index.php?rest_route=%2Fwp%2Fv2%2Fcomments&post=56111"}],"version-history":[{"count":1,"href":"https:\/\/zonaroja.com.mx\/index.php?rest_route=\/wp\/v2\/posts\/56111\/revisions"}],"predecessor-version":[{"id":56112,"href":"https:\/\/zonaroja.com.mx\/index.php?rest_route=\/wp\/v2\/posts\/56111\/revisions\/56112"}],"wp:featuredmedia":[{"embeddable":true,"href":"https:\/\/zonaroja.com.mx\/index.php?rest_route=\/wp\/v2\/media\/42253"}],"wp:attachment":[{"href":"https:\/\/zonaroja.com.mx\/index.php?rest_route=%2Fwp%2Fv2%2Fmedia&parent=56111"}],"wp:term":[{"taxonomy":"category","embeddable":true,"href":"https:\/\/zonaroja.com.mx\/index.php?rest_route=%2Fwp%2Fv2%2Fcategories&post=56111"},{"taxonomy":"post_tag","embeddable":true,"href":"https:\/\/zonaroja.com.mx\/index.php?rest_route=%2Fwp%2Fv2%2Ftags&post=56111"}],"curies":[{"name":"wp","href":"https:\/\/api.w.org\/{rel}","templated":true}]}}