{"id":56116,"date":"2023-06-06T08:59:06","date_gmt":"2023-06-06T13:59:06","guid":{"rendered":"http:\/\/www.zonaroja.com.mx\/?p=56116"},"modified":"2023-06-06T09:34:52","modified_gmt":"2023-06-06T14:34:52","slug":"56116","status":"publish","type":"post","link":"https:\/\/zonaroja.com.mx\/?p=56116","title":{"rendered":"Tras elecciones, se re\u00fane AMLO con \u201ccorcholatas\u201d y gobernadores"},"content":{"rendered":"\n<p>Redacci\u00f3n\/Zona Roja Cdmx.<\/p>\n\n\n\n<p>Ciudad de M\u00e9xico, a 6 de junio de 2023.- En cuanto terminaron las elecciones estatales en Coahuila y Estado de M\u00e9xico, que se llevaron a cabo del 4 de junio, el Presidente Andr\u00e9s Manuel L\u00f3pez Obrador llev\u00f3 a cabo una reuni\u00f3n con diferentes gobernadores y militantes del partido Movimiento Regeneraci\u00f3n Nacional (Morena), la noche del lunes 5 de junio.<\/p>\n\n\n\n<p>La cita fue en un restaurante ubicado en el centro hist\u00f3rico sobre la calle Donceles a un lado de la Librer\u00eda Porr\u00faa, y es que la reuni\u00f3n no solo fue entre simpatizantes de Morena, sino que tambi\u00e9n se dieron cita las \u201ccorcholatas\u201d de Morena, quienes aspiran a la candidatura del partido de cara a las elecciones presidenciales de 2024.<\/p>\n\n\n\n<p>Sin revelar el motivo por el cu\u00e1l el Presidente cit\u00f3 a sus simpatizantes, poco a poco fueron llegando los diferentes personajes ligados a Morena y la autodenominada 4T. <\/p>\n\n\n\n<p>Entre los asistentes principales llegaron Marcelo Ebrard Casaub\u00f3n, secretario de Relaciones Exteriores; Claudia Sheinbaum Pardo, jefa de gobierno de la CDMX; Ad\u00e1n Augusto L\u00f3pez, secretario de Gobernaci\u00f3n y Ricardo Monreal, senador del grupo parlamentario de Morena.<\/p>\n\n\n\n<p>Pero tambi\u00e9n se dieron cita diferentes gobernadores como Salom\u00f3n Jara Cruz de Oaxaca, Layda Sansores de Campeche, Evelyn Salgado Pineda de Guerrero, Cuauht\u00e9moc Blanco de Morelos. De la misma forma, Mario Delgado Carrillo, presidente nacional de Morena, acudieron a la reuni\u00f3n con AMLO.<\/p>\n\n\n\n<p>Los primeros reportes indicaron que la reuni\u00f3n no fue de \u00faltimo momento, por lo que ya hab\u00eda estado programada d\u00edas antes y todos los pol\u00edticos del partido guinda estaban notificados de las actividades que llevar\u00edan a cabo la noche de este lunes.<\/p>\n\n\n\n<p>De acuerdo con Gaspar Vela, de \u201cMilenio\u201d, los comensales que estaban cenando en el lugar fueron desalojados y no les permitieron quedarse m\u00e1s tiempo, ya que ten\u00edan que alistar el restaurante para que se llevara la reuni\u00f3n presidencial. As\u00ed que cerraron la terraza del restaurante para el evento.<\/p>\n\n\n\n<p>Cerca de las 21:00 horas, Andr\u00e9s Manuel L\u00f3pez Obrador sali\u00f3 de Palacio Nacional en direcci\u00f3n al restaurante que se localizaba a escasos metros. En su encuentro con los reporteros de la prensa, AMLO encar\u00f3 la pregunta \u201c\u00bfde qu\u00e9 va la reuni\u00f3n?\u201d, as\u00ed que se limit\u00f3 a decir que durante la conferencia matutina del martes 6 de junio dar\u00eda la respuesta.<\/p>\n\n\n\n<p>Pese a la lluvia que ca\u00eda en ese momento en la capital del pa\u00eds, el Presidente de la Rep\u00fablica se limit\u00f3 a decir que solo ir\u00eda a cenar y que en su conferencia ma\u00f1anera explicar\u00eda mayores detalles de lo que trat\u00f3 la charla con sus simpatizantes.<\/p>\n\n\n\n<p>Por otra parte, Ad\u00e1n Augusto tampoco quiso dar mayores pormenores de la tem\u00e1tica de la reuni\u00f3n; hasta las 22:00 horas, la reuni\u00f3n segu\u00eda en curso. Pero pocos minutos m\u00e1s tarde concluy\u00f3, pues a las 20:22 L\u00f3pez Obrador dej\u00f3 el restaurante e insisti\u00f3 que ma\u00f1ana hablar\u00e1n.<\/p>\n\n\n\n<p>Cabe apuntar que esta reuni\u00f3n se da un d\u00eda antes de que el canciller Marcelo Ebrard comparta su propuesta a Morena para la selecci\u00f3n del candidato o candidata que podr\u00eda tener el partido para las elecciones de la presidencia en 2024.<\/p>\n\n\n\n<p>El titular de la Secretar\u00eda de Relaciones Exteriores (SRE) ten\u00eda previsto presentar dicha iniciativa este 5 de junio; sin embargo, el propio partido le solicit\u00f3 posponer la fecha para el pr\u00f3ximo martes 6 de junio, esto debido a las recientes elecciones estatales que se llevaron a cabo en el Edomex y Coahuila.<\/p>\n\n\n\n<p>Fue por ello que a trav\u00e9s de redes sociales que explic\u00f3 \u201cno tengo inconveniente. Est\u00e1n ahorita medio desvelados o desveladas. Entonces ma\u00f1ana lo presentar\u00e9 y seguramente ser\u00e1 tomado en cuenta\u201d, dijo en un video compartido en su cuenta oficial de Twitter.<\/p>\n\n\n\n<p>(Informaci\u00f3n de Infobae M\u00e9xico)<\/p>\n","protected":false},"excerpt":{"rendered":"<p>Redacci\u00f3n\/Zona Roja Cdmx. Ciudad de M\u00e9xico, a 6 de junio de 2023.- En cuanto terminaron&hellip;<\/p>\n","protected":false},"author":2,"featured_media":56117,"comment_status":"closed","ping_status":"open","sticky":false,"template":"","format":"standard","meta":{"_lmt_disableupdate":"","_lmt_disable":"","_jetpack_memberships_contains_paid_content":false,"footnotes":""},"categories":[109,47],"tags":[143],"class_list":["post-56116","post","type-post","status-publish","format-standard","has-post-thumbnail","hentry","category-minuto-a-minuto","category-zona-gris","tag-andres-manuel-lopez-obrador"],"jetpack_featured_media_url":"https:\/\/zonaroja.com.mx\/wp-content\/uploads\/2023\/06\/Lopez-Obrador-y-corcholatas-reunion.webp","jetpack_sharing_enabled":true,"_links":{"self":[{"href":"https:\/\/zonaroja.com.mx\/index.php?rest_route=\/wp\/v2\/posts\/56116","targetHints":{"allow":["GET"]}}],"collection":[{"href":"https:\/\/zonaroja.com.mx\/index.php?rest_route=\/wp\/v2\/posts"}],"about":[{"href":"https:\/\/zonaroja.com.mx\/index.php?rest_route=\/wp\/v2\/types\/post"}],"author":[{"embeddable":true,"href":"https:\/\/zonaroja.com.mx\/index.php?rest_route=\/wp\/v2\/users\/2"}],"replies":[{"embeddable":true,"href":"https:\/\/zonaroja.com.mx\/index.php?rest_route=%2Fwp%2Fv2%2Fcomments&post=56116"}],"version-history":[{"count":2,"href":"https:\/\/zonaroja.com.mx\/index.php?rest_route=\/wp\/v2\/posts\/56116\/revisions"}],"predecessor-version":[{"id":56122,"href":"https:\/\/zonaroja.com.mx\/index.php?rest_route=\/wp\/v2\/posts\/56116\/revisions\/56122"}],"wp:featuredmedia":[{"embeddable":true,"href":"https:\/\/zonaroja.com.mx\/index.php?rest_route=\/wp\/v2\/media\/56117"}],"wp:attachment":[{"href":"https:\/\/zonaroja.com.mx\/index.php?rest_route=%2Fwp%2Fv2%2Fmedia&parent=56116"}],"wp:term":[{"taxonomy":"category","embeddable":true,"href":"https:\/\/zonaroja.com.mx\/index.php?rest_route=%2Fwp%2Fv2%2Fcategories&post=56116"},{"taxonomy":"post_tag","embeddable":true,"href":"https:\/\/zonaroja.com.mx\/index.php?rest_route=%2Fwp%2Fv2%2Ftags&post=56116"}],"curies":[{"name":"wp","href":"https:\/\/api.w.org\/{rel}","templated":true}]}}