{"id":56123,"date":"2023-06-06T14:53:11","date_gmt":"2023-06-06T19:53:11","guid":{"rendered":"http:\/\/www.zonaroja.com.mx\/?p=56123"},"modified":"2023-06-06T14:53:13","modified_gmt":"2023-06-06T19:53:13","slug":"avala-jara-cruz-ratificacion-de-magistrado-en-tribunal-al-que-llamo-priista-y-corrupto","status":"publish","type":"post","link":"https:\/\/zonaroja.com.mx\/?p=56123","title":{"rendered":"Avala Jara Cruz ratificaci\u00f3n de magistrado\u2026 en tribunal al que llam\u00f3 pri\u00edsta y corrupto"},"content":{"rendered":"\n<p>Ismael Garc\u00eda\/Zona Roja.<\/p>\n\n\n\n<p>Oaxaca de Ju\u00e1rez, Oax., a 6 de junio de 2023.- Pese a que un mes anterior se\u00f1al\u00f3 que los magistrados del Tribunal de Justicia Administrativa de Oaxaca (TJAO) segu\u00edan al servicio del PRI, el gobernador Salom\u00f3n Jara aval\u00f3 la ratificaci\u00f3n del magistrado Javier Mart\u00edn Villanueva Hern\u00e1ndez, para continuar en su cargo en esa instancia, por otros cinco a\u00f1os. <\/p>\n\n\n\n<p>El pasado 1 de junio, en la segunda sesi\u00f3n extraordinaria del d\u00eda, la 65 Legislatura del Congreso de Oaxaca determin\u00f3 procedente la ratificaci\u00f3n de la propuesta hecha por el gobernador del estado, con 37 votos a favor. <\/p>\n\n\n\n<p>Un mes antes, el 1 de mayo, durante su conferencia matutina, Jara Cruz se\u00f1al\u00f3 diversos actos irregulares y de corrupci\u00f3n que se hab\u00edan gestado desde el Tribunal de Justicia Administrativa, algunos de ellos para perjudicar a su nuevo gobierno.<\/p>\n\n\n\n<p>Ante esa situaci\u00f3n, el gobierno de Oaxaca analizaba un golpe a ese organismo, con cambios estructurales o en su caso, su desaparici\u00f3n, pues se\u00f1al\u00f3 que los magistrados actuales siguen al servicio del PRI y fueron puestos para que durante el actual gobierno sigan protegiendo a los ex funcionarios en los asuntos de se\u00f1alamientos de responsabilidad administrativa.<\/p>\n\n\n\n<p>&nbsp;Incluso, dijo que los magistrados en vez de resolver los problemas contra la corrupci\u00f3n, protegen a los actores y est\u00e1n al servicio de algunas empresas constructoras, como las que tienen relaci\u00f3n con Jorge Castillo.<\/p>\n\n\n\n<p>Pese a todo ello, d\u00edas despu\u00e9s, el Congreso de Oaxaca recibi\u00f3 el oficio por el que el jefe del Poder Ejecutivo de Oaxaca inform\u00f3 sobre la designaci\u00f3n del magistrado.&nbsp;<\/p>\n\n\n\n<p>NO FUE \u201cFAST TRACK\u201d&nbsp;<\/p>\n\n\n\n<p>Durante la misma \u201cma\u00f1anera\u201d del gobierno de Oaxaca, Jara Cruz, se\u00f1al\u00f3 que el TJA hab\u00eda aprobado de manera \u201cFast track\u201d una sentencia que obliga a su administraci\u00f3n pagar 450 millones de pesos de deudas que se debieron cumplir en la pasada administraci\u00f3n, algunas de ellas ligadas a Jorge Castillo, ex operador pol\u00edtico de Gabino Cu\u00e9.<\/p>\n\n\n\n<p>Sin embargo, de acuerdo a documentos del TJA, en poder de ZONA ROJA, el juicio inici\u00f3 desde 2018 y en 2019 se emiti\u00f3 la sentencia, pero, &nbsp;tras inconformidades de los demandados fue en mayo de 2022 que se declar\u00f3 la ejecutoria de la sentencia, por lo que se iniciaron los requerimientos para el cumplimiento, con un pago, incluso, menor al que mencion\u00f3 el gobierno del estado.<\/p>\n\n\n\n<p>El juicio fue interpuesto por la empresa Confecciones Sopak S. A. de C. V contra el Instituto Estatal de Educaci\u00f3n P\u00fablica de Oaxaca (IEEPO), a quien obligan pagar 272 millones 931 mil 110.40 pesos y no 450 millones como lo informaron.&nbsp;<\/p>\n\n\n\n<p>El documento cita que el 26 de noviembre de 2018 el TJA admiti\u00f3 la demanda y se emplaz\u00f3 a juicio a la&nbsp;Secretar\u00eda de Finanzas&nbsp;el 18 de enero de 2019 y al IEEPO el 21 de enero de 2019; tras lo cual en marzo se tuvo la primera audiencia.<\/p>\n\n\n\n<p>Inconformes, la Sefin y el IEEPO interpusieron un recurso de revisi\u00f3n, pero el Tribunal declar\u00f3 en diciembre de 2019 improcedente esta solicitud y la aclaraci\u00f3n de la sentencia.<\/p>\n\n\n\n<p>El proceso continu\u00f3 y el IEEPO promovi\u00f3 un amparo directo -88\/2021. para no pagar en octubre un juez federal resolvi\u00f3 sobreseer el juicio de amparo y fue en mayo de 2022 que se declar\u00f3 la ejecutoria de la sentencia.<\/p>\n","protected":false},"excerpt":{"rendered":"<p>Ismael Garc\u00eda\/Zona Roja. Oaxaca de Ju\u00e1rez, Oax., a 6 de junio de 2023.- Pese a&hellip;<\/p>\n","protected":false},"author":2,"featured_media":56008,"comment_status":"closed","ping_status":"open","sticky":false,"template":"","format":"standard","meta":{"_lmt_disableupdate":"","_lmt_disable":"","_jetpack_memberships_contains_paid_content":false,"footnotes":""},"categories":[109,47],"tags":[],"class_list":["post-56123","post","type-post","status-publish","format-standard","has-post-thumbnail","hentry","category-minuto-a-minuto","category-zona-gris"],"jetpack_featured_media_url":"https:\/\/zonaroja.com.mx\/wp-content\/uploads\/2023\/06\/Martin-villanueva-magistrado.jpg","jetpack_sharing_enabled":true,"_links":{"self":[{"href":"https:\/\/zonaroja.com.mx\/index.php?rest_route=\/wp\/v2\/posts\/56123","targetHints":{"allow":["GET"]}}],"collection":[{"href":"https:\/\/zonaroja.com.mx\/index.php?rest_route=\/wp\/v2\/posts"}],"about":[{"href":"https:\/\/zonaroja.com.mx\/index.php?rest_route=\/wp\/v2\/types\/post"}],"author":[{"embeddable":true,"href":"https:\/\/zonaroja.com.mx\/index.php?rest_route=\/wp\/v2\/users\/2"}],"replies":[{"embeddable":true,"href":"https:\/\/zonaroja.com.mx\/index.php?rest_route=%2Fwp%2Fv2%2Fcomments&post=56123"}],"version-history":[{"count":1,"href":"https:\/\/zonaroja.com.mx\/index.php?rest_route=\/wp\/v2\/posts\/56123\/revisions"}],"predecessor-version":[{"id":56124,"href":"https:\/\/zonaroja.com.mx\/index.php?rest_route=\/wp\/v2\/posts\/56123\/revisions\/56124"}],"wp:featuredmedia":[{"embeddable":true,"href":"https:\/\/zonaroja.com.mx\/index.php?rest_route=\/wp\/v2\/media\/56008"}],"wp:attachment":[{"href":"https:\/\/zonaroja.com.mx\/index.php?rest_route=%2Fwp%2Fv2%2Fmedia&parent=56123"}],"wp:term":[{"taxonomy":"category","embeddable":true,"href":"https:\/\/zonaroja.com.mx\/index.php?rest_route=%2Fwp%2Fv2%2Fcategories&post=56123"},{"taxonomy":"post_tag","embeddable":true,"href":"https:\/\/zonaroja.com.mx\/index.php?rest_route=%2Fwp%2Fv2%2Ftags&post=56123"}],"curies":[{"name":"wp","href":"https:\/\/api.w.org\/{rel}","templated":true}]}}