{"id":56127,"date":"2023-06-06T20:13:38","date_gmt":"2023-06-07T01:13:38","guid":{"rendered":"http:\/\/www.zonaroja.com.mx\/?p=56127"},"modified":"2023-06-06T20:13:42","modified_gmt":"2023-06-07T01:13:42","slug":"pese-a-cargada-de-amlo-por-claudia-ebrard-buscara-candidatura-presidencial","status":"publish","type":"post","link":"https:\/\/zonaroja.com.mx\/?p=56127","title":{"rendered":"Pese a \u201ccargada\u201d de AMLO por Claudia, Ebrard buscar\u00e1 candidatura presidencial"},"content":{"rendered":"\n<p>Redacci\u00f3n\/Zona Roja Cdmx.<\/p>\n\n\n\n<p>Ciudad de M\u00e9xico, a 6 de marzo de 2023.- Marcelo Ebrard anunci\u00f3 que el pr\u00f3ximo lunes 12 de junio se separar\u00e1 del cargo como titular de la Secretar\u00eda de Relaciones Exteriores (SRE), para buscar la candidatura de Morena a la Presidencia de M\u00e9xico para el proceso electoral de 2024.<\/p>\n\n\n\n<p>\u00abHe resuelto solicitar y presentar mi renuncia a la Secretar\u00eda de Relaciones Exteriores a partir del lunes 12 de junio\u00bb, dijo Ebrard ante simpatizantes y medios de comunicaci\u00f3n.<\/p>\n\n\n\n<p>En una conferencia de prensa convocada en un hotel de la Ciudad de M\u00e9xico, el todav\u00eda canciller reiter\u00f3 su inter\u00e9s por dar continuidad al movimiento impulsado por el presidente Andr\u00e9s Manuel L\u00f3pez Obrador.<\/p>\n\n\n\n<p>\u00abMe entusiasma participar en este gran movimiento, Morena. Me entusiasma y me enorgullezco de ser parte de la cuarta transformaci\u00f3n y tambi\u00e9n me entusiasma actuar con congruencia respecto a lo que hemos propuesto, por eso me separo del cargo y voy a encontrarme con las ciudadanas y ciudadanos\u00bb, coment\u00f3 el tambi\u00e9n exjefe de Gobierno de la Ciudad de M\u00e9xico.<\/p>\n\n\n\n<p>Tras su anuncio, el morenista destac\u00f3 la importancia de que los postulantes a la candiatura presidencial renuncien a sus cargos para garantizar un proceso justo.<\/p>\n\n\n\n<figure class=\"wp-block-embed is-type-rich is-provider-twitter wp-block-embed-twitter\"><div class=\"wp-block-embed__wrapper\">\n<div class=\"twitter-tweet\"><blockquote class=\"twitter-tweet\" data-lang=\"es\"><p lang=\"es\" dir=\"ltr\"><a href=\"https:\/\/twitter.com\/hashtag\/%C3%9AltimoMinuto?src=hash&amp;ref_src=twsrc%5Etfw\">#\u00daltimoMinuto<\/a> <br>Esta tarde, <a href=\"https:\/\/twitter.com\/m_ebrard?ref_src=twsrc%5Etfw\">@m_ebrard<\/a> anunci\u00f3 que el pr\u00f3ximo lunes renunciar\u00e1 a la titularidad de la <a href=\"https:\/\/twitter.com\/SRE_mx?ref_src=twsrc%5Etfw\">@SRE_mx<\/a>, a fin de competir en la contienda morenista por la candidatura a la Presidencia de la Rep\u00fablica. <br>Ello pese a que la \u201ccargada\u201d se incrementa d\u00eda con d\u00eda y de manera\u2026 <a href=\"https:\/\/t.co\/5nZ8aYsbBz\">pic.twitter.com\/5nZ8aYsbBz<\/a><\/p>&mdash; Zona Roja Oaxaca (@ZonaRoja_Oaxaca) <a href=\"https:\/\/twitter.com\/ZonaRoja_Oaxaca\/status\/1666240124219273217?ref_src=twsrc%5Etfw\">7 de junio de 2023<\/a><\/blockquote><\/div>\n<\/div><\/figure>\n\n\n\n<p>La noche del lunes pasado el presidente L\u00f3pez Obrador se reuni\u00f3 con Ebrard y otros aspirantes a la candidatura de Morena para la contienda electoral del pr\u00f3ximo a\u00f1o en un restaurante del Centro Hist\u00f3rico.<\/p>\n\n\n\n<p>Respecto a este encuentro, el mandatario federal dijo en su conferencia matutina que los morenistas celebraron la victoria de Delfina G\u00f3mez como gobernadora del Estado de M\u00e9xico, en las elecciones del pasado 4 de junio y tambi\u00e9n comentaron sobre la forma en que el partido Movimiento Regeneraci\u00f3n Nacional definir\u00e1 al futuro candidato o candidata a la Presidencia de M\u00e9xico.<\/p>\n\n\n\n<p>L\u00f3pez Obrador llam\u00f3 este martes a la unidad entre los potenciales contendientes de Morena a la elecci\u00f3n presidencial del pr\u00f3ximo a\u00f1o.<\/p>\n\n\n\n<p>Marcelo Ebrard es uno de los principales aspirantes para suceder a L\u00f3pez Obrador, aunque las encuestas m\u00e1s recientes otorgan a la alcaldesa de la Ciudad de M\u00e9xico, Claudia Sheinbaum, una ligera ventaja en la contienda. Mientras el secretario de Gobernaci\u00f3n, Ad\u00e1n Augusto L\u00f3pez, tambi\u00e9n ha mostrado inter\u00e9s por participar en la contienda.<\/p>\n\n\n\n<p>Las encuestas sugieren que Morena ser\u00eda fuertemente favorecido para ganar las elecciones presidenciales de 2024.<\/p>\n\n\n\n<p>(Informaci\u00f3n de \u201cEl Economista\u201d)<\/p>\n","protected":false},"excerpt":{"rendered":"<p>Redacci\u00f3n\/Zona Roja Cdmx. Ciudad de M\u00e9xico, a 6 de marzo de 2023.- Marcelo Ebrard anunci\u00f3&hellip;<\/p>\n","protected":false},"author":2,"featured_media":56128,"comment_status":"closed","ping_status":"open","sticky":false,"template":"","format":"standard","meta":{"_lmt_disableupdate":"","_lmt_disable":"","_jetpack_memberships_contains_paid_content":false,"footnotes":""},"categories":[109,47],"tags":[889],"class_list":["post-56127","post","type-post","status-publish","format-standard","has-post-thumbnail","hentry","category-minuto-a-minuto","category-zona-gris","tag-marcelo-ebrard"],"jetpack_featured_media_url":"https:\/\/zonaroja.com.mx\/wp-content\/uploads\/2023\/06\/Marcelo-Ebrard-anuncio.jpeg","jetpack_sharing_enabled":true,"_links":{"self":[{"href":"https:\/\/zonaroja.com.mx\/index.php?rest_route=\/wp\/v2\/posts\/56127","targetHints":{"allow":["GET"]}}],"collection":[{"href":"https:\/\/zonaroja.com.mx\/index.php?rest_route=\/wp\/v2\/posts"}],"about":[{"href":"https:\/\/zonaroja.com.mx\/index.php?rest_route=\/wp\/v2\/types\/post"}],"author":[{"embeddable":true,"href":"https:\/\/zonaroja.com.mx\/index.php?rest_route=\/wp\/v2\/users\/2"}],"replies":[{"embeddable":true,"href":"https:\/\/zonaroja.com.mx\/index.php?rest_route=%2Fwp%2Fv2%2Fcomments&post=56127"}],"version-history":[{"count":1,"href":"https:\/\/zonaroja.com.mx\/index.php?rest_route=\/wp\/v2\/posts\/56127\/revisions"}],"predecessor-version":[{"id":56129,"href":"https:\/\/zonaroja.com.mx\/index.php?rest_route=\/wp\/v2\/posts\/56127\/revisions\/56129"}],"wp:featuredmedia":[{"embeddable":true,"href":"https:\/\/zonaroja.com.mx\/index.php?rest_route=\/wp\/v2\/media\/56128"}],"wp:attachment":[{"href":"https:\/\/zonaroja.com.mx\/index.php?rest_route=%2Fwp%2Fv2%2Fmedia&parent=56127"}],"wp:term":[{"taxonomy":"category","embeddable":true,"href":"https:\/\/zonaroja.com.mx\/index.php?rest_route=%2Fwp%2Fv2%2Fcategories&post=56127"},{"taxonomy":"post_tag","embeddable":true,"href":"https:\/\/zonaroja.com.mx\/index.php?rest_route=%2Fwp%2Fv2%2Ftags&post=56127"}],"curies":[{"name":"wp","href":"https:\/\/api.w.org\/{rel}","templated":true}]}}