{"id":56130,"date":"2023-06-06T20:18:16","date_gmt":"2023-06-07T01:18:16","guid":{"rendered":"http:\/\/www.zonaroja.com.mx\/?p=56130"},"modified":"2023-06-06T20:18:20","modified_gmt":"2023-06-07T01:18:20","slug":"denuncia-madre-de-familia-despido-injustificado-en-derechos-humanos-del-gobierno","status":"publish","type":"post","link":"https:\/\/zonaroja.com.mx\/?p=56130","title":{"rendered":"Denuncia madre de familia despido injustificado en Derechos Humanos del gobierno"},"content":{"rendered":"\n<p>Yuridiana Sosa\/Zona Roja.<\/p>\n\n\n\n<p>Oaxaca de Ju\u00e1rez, Oax., a 6 de junio de 2023.- En su ausencia por permiso de cuidados maternos, Etzna Gabriela Hern\u00e1ndez fue despedida de forma injustificada por la titular de la Coordinaci\u00f3n de Derechos Humanos del Poder Ejecutivo de Oaxaca, Flor Estela Morales Hern\u00e1ndez, por lo que ahora demanda atenci\u00f3n del gobernador Salom\u00f3n Jara Cruz ante la presunta violaci\u00f3n a sus derechos humanos.<\/p>\n\n\n\n<p>En el z\u00f3calo de la capital, la ex trabajadora se\u00f1al\u00f3 que junto con su despido tambi\u00e9n se violentan los derechos humanos de su menor hijo de tres a\u00f1os, quien depende de ella para recibir atenci\u00f3n m\u00e9dica y a quien cuidaba por enfermedad cuando la coordinadora decidi\u00f3 prescindir de sus servicios luego de 11 a\u00f1os de antig\u00fcedad laboral.<\/p>\n\n\n\n<p>Etzna Gabriela Hern\u00e1ndez mostr\u00f3 documentos oficiales que respaldan el permiso para ausentarse y su nombramiento de empleada de confianza de car\u00e1cter definitivo, sin embargo, Estela Morales junto con el director de Recursos Humanos de la Secretar\u00eda de Administraci\u00f3n, Uriel Bautista, se\u00f1alaron como justificaci\u00f3n a su despido el cambio de la administraci\u00f3n estatal.<\/p>\n\n\n\n<p>Mostr\u00f3 que el oficio sobre su despido fue emitido el 30 de mayo, en el que indica que la relaci\u00f3n laboral termina el 31 de mayo, mismo d\u00eda en que terminaba su permiso de cuidados maternos.<\/p>\n\n\n\n<p>La afectada ha solicitado una cita con su ex jefa, pero no ha sido recibida pese a que han pasado varios d\u00edas en los que permanece por horas en espera de ser atendida.<\/p>\n\n\n\n<p>Desesperada, la madre de familia demand\u00f3 al gobernador Salom\u00f3n Jara una audiencia para atender su caso y no quedar en la indefensi\u00f3n ella y su menor hijo, quien en el mes de julio debe acudir por m\u00e1s estudios m\u00e9dicos.<\/p>\n\n\n\n<figure class=\"wp-block-embed is-type-rich is-provider-twitter wp-block-embed-twitter\"><div class=\"wp-block-embed__wrapper\">\n<div class=\"twitter-tweet\"><blockquote class=\"twitter-tweet\" data-lang=\"es\"><p lang=\"es\" dir=\"ltr\"><a href=\"https:\/\/twitter.com\/hashtag\/ENVIVO?src=hash&amp;ref_src=twsrc%5Etfw\">#ENVIVO<\/a><br>Oaxaca de Ju\u00e1rez, Oax., a 6 de junio de 2023.- Etzna Gabriela Hern\u00e1ndez, trabajadora despedida por la <a href=\"https:\/\/twitter.com\/CADH_GobOax?ref_src=twsrc%5Etfw\">@CADH_GobOax<\/a>, denuncia que no ha tenido ninguna atenci\u00f3n a su caso por parte de la titular <a href=\"https:\/\/twitter.com\/FlorEstelaMH?ref_src=twsrc%5Etfw\">@FlorEstelaMH<\/a>, quien viola sus derechos.<br>\ud83d\udc47<a href=\"https:\/\/t.co\/bxUlpZHFjk\">https:\/\/t.co\/bxUlpZHFjk<\/a> <a href=\"https:\/\/t.co\/fYkuE9oCR1\">pic.twitter.com\/fYkuE9oCR1<\/a><\/p>&mdash; Zona Roja Oaxaca (@ZonaRoja_Oaxaca) <a href=\"https:\/\/twitter.com\/ZonaRoja_Oaxaca\/status\/1666165979389345793?ref_src=twsrc%5Etfw\">6 de junio de 2023<\/a><\/blockquote><\/div>\n<\/div><\/figure>\n","protected":false},"excerpt":{"rendered":"<p>Yuridiana Sosa\/Zona Roja. Oaxaca de Ju\u00e1rez, Oax., a 6 de junio de 2023.- En su&hellip;<\/p>\n","protected":false},"author":2,"featured_media":56131,"comment_status":"closed","ping_status":"open","sticky":false,"template":"","format":"standard","meta":{"_lmt_disableupdate":"","_lmt_disable":"","_jetpack_memberships_contains_paid_content":false,"footnotes":""},"categories":[109,47],"tags":[3571],"class_list":["post-56130","post","type-post","status-publish","format-standard","has-post-thumbnail","hentry","category-minuto-a-minuto","category-zona-gris","tag-etzna-gabriela-hernandez"],"jetpack_featured_media_url":"https:\/\/zonaroja.com.mx\/wp-content\/uploads\/2023\/06\/Etzna-Gabriela-Hernandez-despedida-gobierno.jpg","jetpack_sharing_enabled":true,"_links":{"self":[{"href":"https:\/\/zonaroja.com.mx\/index.php?rest_route=\/wp\/v2\/posts\/56130","targetHints":{"allow":["GET"]}}],"collection":[{"href":"https:\/\/zonaroja.com.mx\/index.php?rest_route=\/wp\/v2\/posts"}],"about":[{"href":"https:\/\/zonaroja.com.mx\/index.php?rest_route=\/wp\/v2\/types\/post"}],"author":[{"embeddable":true,"href":"https:\/\/zonaroja.com.mx\/index.php?rest_route=\/wp\/v2\/users\/2"}],"replies":[{"embeddable":true,"href":"https:\/\/zonaroja.com.mx\/index.php?rest_route=%2Fwp%2Fv2%2Fcomments&post=56130"}],"version-history":[{"count":1,"href":"https:\/\/zonaroja.com.mx\/index.php?rest_route=\/wp\/v2\/posts\/56130\/revisions"}],"predecessor-version":[{"id":56132,"href":"https:\/\/zonaroja.com.mx\/index.php?rest_route=\/wp\/v2\/posts\/56130\/revisions\/56132"}],"wp:featuredmedia":[{"embeddable":true,"href":"https:\/\/zonaroja.com.mx\/index.php?rest_route=\/wp\/v2\/media\/56131"}],"wp:attachment":[{"href":"https:\/\/zonaroja.com.mx\/index.php?rest_route=%2Fwp%2Fv2%2Fmedia&parent=56130"}],"wp:term":[{"taxonomy":"category","embeddable":true,"href":"https:\/\/zonaroja.com.mx\/index.php?rest_route=%2Fwp%2Fv2%2Fcategories&post=56130"},{"taxonomy":"post_tag","embeddable":true,"href":"https:\/\/zonaroja.com.mx\/index.php?rest_route=%2Fwp%2Fv2%2Ftags&post=56130"}],"curies":[{"name":"wp","href":"https:\/\/api.w.org\/{rel}","templated":true}]}}