{"id":56133,"date":"2023-06-06T22:02:48","date_gmt":"2023-06-07T03:02:48","guid":{"rendered":"http:\/\/www.zonaroja.com.mx\/?p=56133"},"modified":"2023-06-06T22:15:57","modified_gmt":"2023-06-07T03:15:57","slug":"promete-primavera-oaxaquena-cambio-pero-guelaguetza-2023-se-proyecta-igual","status":"publish","type":"post","link":"https:\/\/zonaroja.com.mx\/?p=56133","title":{"rendered":"Promete \u201cPrimavera oaxaque\u00f1a\u201d cambio, pero Guelaguetza 2023 se proyecta igual"},"content":{"rendered":"\n<p>Yuridiana Sosa\/Zona Roja.<\/p>\n\n\n\n<p>Oaxaca de Ju\u00e1rez, Oax.,a 6 de junio de 2023.- La edici\u00f3n 91 de la Guelaguetza, realizada por primera vez por el gobierno de Salom\u00f3n Jara Cruz, emanado de Morena, promete ser diferente, pero hasta el momento, de acuerdo con la programaci\u00f3n, la fiesta sigue patrones de lo que cada a\u00f1o se ha realizado.<\/p>\n\n\n\n<p>Mismos espacios disponibles de forma gratuita en el auditorio \u201cGuelaguetza\u201d; boletos para la zona \u201cA\u201d y \u201cB\u201d con aumento respecto al a\u00f1o anterior; ferias culturales, artesanales y gastron\u00f3micas, algunas de ellas retomadas del gobierno anterior, como la semana de los antojos, as\u00ed como tener como sede principal de las actividades el Centro Cultural y de Convenciones de Oaxaca.<\/p>\n\n\n\n<p>En esencia, la presentaci\u00f3n que realiz\u00f3 la Secretar\u00eda de Turismo, que preside Saymi Pineda Velasco, es semejante, sin transformaci\u00f3n, a la que se ha vivido cada a\u00f1o en esta festividad.<\/p>\n\n\n\n<p>PROMESAS<\/p>\n\n\n\n<p>Ayer, el gobernador Salom\u00f3n Jara Cruz indic\u00f3 que como recompensa a las comunidades y pueblos originarios que participen en la denominada m\u00e1xima fiesta de los oaxaque\u00f1os el Gobierno del Estado \u201cles devuelva el dinero para obra\u201d.<\/p>\n\n\n\n<p>Pero, para que esto sea posible, es necesario realizar modificaciones a la ley para que el recurso recaudado por la Secretar\u00eda de Finanzas pueda ser destinado a las comunidades como lo proyecta el mandatario.<\/p>\n\n\n\n<p>Otra de las promesas, respecto a la fiesta, es que se acabaron los privilegios para la entrega de boletos especiales a sus funcionarios.<\/p>\n\n\n\n<p>Por su parte, la Secretaria de Turismo, Saymi Pineda, se\u00f1al\u00f3 que en la preventa de boletos se puso el candado de dos boletos por persona, as\u00ed como se recurre a la Fiscal\u00eda de Oaxaca para denunciar los casos de la reventa, ante el antecedente de ventas de entre siete mil pesos y 16 mil pesos por boleto.<\/p>\n\n\n\n<p>Pese a ello, durante la preventa f\u00edsica se registraron largas filas de personas, que, de acuerdo a testigos, formaban parte de una maquinaria de reventa al ser contratados s\u00f3lo para comprar boletos en masa.<\/p>\n\n\n\n<p>Otra de las promesas por parte de la Secretar\u00eda de Turismo es mejorar la calidad en la atenci\u00f3n y recepci\u00f3n de las delegaciones, quienes anteriormente adem\u00e1s de cubrir sus propios gastos de traslado recib\u00edan hospedajes y alimentaci\u00f3n de baja calidad.<\/p>\n\n\n\n<p>Adem\u00e1s, para las personas que har\u00e1n fila para el acceso gratuito a las funciones matutina y vespertina del 17 y 24 de julio, recibir\u00e1n hidrataci\u00f3n por parte del gobierno del estado.<\/p>\n\n\n\n<p>EXTRAS<\/p>\n\n\n\n<p>Presentado como un extra, aunque lo mismo se hizo en a\u00f1os anteriores, y que a su vez representa un mayor gasto, es la realizaci\u00f3n de tres convites m\u00e1s efectuados los d\u00edas 1, 7 y 8 de julio.<\/p>\n\n\n\n<p>Respecto a la selecci\u00f3n de las delegaciones, para este a\u00f1o, al eliminar al Comit\u00e9&nbsp;de&nbsp;Autenticidad, y en su lugar crear un&nbsp;Comit\u00e9&nbsp;Organizador para la Guelaguetza, se promete &nbsp;que con el apoyo de Consejos Interculturales se elimine la selecci\u00f3n de los grupos a modo o por compromisos pol\u00edticos.<\/p>\n\n\n\n<p>Ayer, en conferencia de prensa, el mandatario estatal Jara Cruz present\u00f3 el cartel de la Guelaguetza 2023 y hoy lo hizo en la Ciudad de M\u00e9xico.<\/p>\n","protected":false},"excerpt":{"rendered":"<p>Yuridiana Sosa\/Zona Roja. Oaxaca de Ju\u00e1rez, Oax.,a 6 de junio de 2023.- La edici\u00f3n 91&hellip;<\/p>\n","protected":false},"author":2,"featured_media":56136,"comment_status":"closed","ping_status":"open","sticky":false,"template":"","format":"standard","meta":{"_lmt_disableupdate":"","_lmt_disable":"","_jetpack_memberships_contains_paid_content":false,"footnotes":""},"categories":[109,47],"tags":[3572,939],"class_list":["post-56133","post","type-post","status-publish","format-standard","has-post-thumbnail","hentry","category-minuto-a-minuto","category-zona-gris","tag-guelaguetza-2023","tag-salomon-jara-cruz"],"jetpack_featured_media_url":"https:\/\/zonaroja.com.mx\/wp-content\/uploads\/2023\/06\/Salomon-Jara-Cruz-y-Claudia-Sheinbaum-Guelaguetza.jpeg","jetpack_sharing_enabled":true,"_links":{"self":[{"href":"https:\/\/zonaroja.com.mx\/index.php?rest_route=\/wp\/v2\/posts\/56133","targetHints":{"allow":["GET"]}}],"collection":[{"href":"https:\/\/zonaroja.com.mx\/index.php?rest_route=\/wp\/v2\/posts"}],"about":[{"href":"https:\/\/zonaroja.com.mx\/index.php?rest_route=\/wp\/v2\/types\/post"}],"author":[{"embeddable":true,"href":"https:\/\/zonaroja.com.mx\/index.php?rest_route=\/wp\/v2\/users\/2"}],"replies":[{"embeddable":true,"href":"https:\/\/zonaroja.com.mx\/index.php?rest_route=%2Fwp%2Fv2%2Fcomments&post=56133"}],"version-history":[{"count":2,"href":"https:\/\/zonaroja.com.mx\/index.php?rest_route=\/wp\/v2\/posts\/56133\/revisions"}],"predecessor-version":[{"id":56138,"href":"https:\/\/zonaroja.com.mx\/index.php?rest_route=\/wp\/v2\/posts\/56133\/revisions\/56138"}],"wp:featuredmedia":[{"embeddable":true,"href":"https:\/\/zonaroja.com.mx\/index.php?rest_route=\/wp\/v2\/media\/56136"}],"wp:attachment":[{"href":"https:\/\/zonaroja.com.mx\/index.php?rest_route=%2Fwp%2Fv2%2Fmedia&parent=56133"}],"wp:term":[{"taxonomy":"category","embeddable":true,"href":"https:\/\/zonaroja.com.mx\/index.php?rest_route=%2Fwp%2Fv2%2Fcategories&post=56133"},{"taxonomy":"post_tag","embeddable":true,"href":"https:\/\/zonaroja.com.mx\/index.php?rest_route=%2Fwp%2Fv2%2Ftags&post=56133"}],"curies":[{"name":"wp","href":"https:\/\/api.w.org\/{rel}","templated":true}]}}