{"id":56139,"date":"2023-06-06T22:50:29","date_gmt":"2023-06-07T03:50:29","guid":{"rendered":"http:\/\/www.zonaroja.com.mx\/?p=56139"},"modified":"2023-06-06T22:50:32","modified_gmt":"2023-06-07T03:50:32","slug":"detienen-a-dos-sujetos-por-abuso-sexual-y-violacion-contra-menores","status":"publish","type":"post","link":"https:\/\/zonaroja.com.mx\/?p=56139","title":{"rendered":"Detienen a dos sujetos por abuso sexual y violaci\u00f3n contra menores"},"content":{"rendered":"\n<p>Redacci\u00f3n\/Zona Roja.<\/p>\n\n\n\n<p>Oaxaca de Ju\u00e1rez, Oax., a 6 de junio de 2023.- La Fiscal\u00eda General del Estado de Oaxaca (FGEO) ejecut\u00f3 dos \u00f3rdenes de aprehensi\u00f3n en contra de igual n\u00famero de personas, por los delitos de abuso sexual agravado y violaci\u00f3n agravada as\u00ed como abuso sexual infantil, cometidos en contra de menores de edad en la regi\u00f3n de la Mixteca.<\/p>\n\n\n\n<p>La Agencia Estatal de Investigaciones (AEI) ejecut\u00f3 una orden de aprehensi\u00f3n en contra de A. L. M., por los delitos de abuso sexual agravado y violaci\u00f3n agravada, cometidos en contra de una adolescente (cuya identidad est\u00e1 reservada por ley).<\/p>\n\n\n\n<p>De acuerdo con el expediente penal, los hechos ocurrieron en diferentes ocasiones en mayo, junio y noviembre de 2022, dentro de un domicilio particular ubicado en la localidad de El Sabina, perteneciente al municipio de Santo Domingo Nuxaa.<\/p>\n\n\n\n<p>Al tener conocimiento del caso, la Vicefiscal\u00eda Regional de la Mixteca realiz\u00f3 las investigaciones pertinentes por las cuales se liber\u00f3 la orden de aprehensi\u00f3n en contra de A. L. M., quien ser\u00e1 presentado ante el Juez para que determine su situaci\u00f3n jur\u00eddica en las pr\u00f3ximas horas.<\/p>\n\n\n\n<p>En otro caso, la Fiscal\u00eda de Oaxaca logr\u00f3 la captura de J. M. V. M., por el delito de Abuso Sexual Infantil, cometido en contra de dos menores de edad en la regi\u00f3n de la Mixteca, por lo que qued\u00f3 a disposici\u00f3n de la autoridad correspondiente para determinar su situaci\u00f3n jur\u00eddica en las pr\u00f3ximas horas.<\/p>\n\n\n\n<p>La Fiscal\u00eda de Oaxaca cuenta con personal capacitado en diferentes disciplinas para brincar atenci\u00f3n integral y acompa\u00f1amiento para las v\u00edctimas directas e indirectas de delitos sexuales cometidos en contra de ni\u00f1as, ni\u00f1os y adolescentes.<\/p>\n","protected":false},"excerpt":{"rendered":"<p>Redacci\u00f3n\/Zona Roja. Oaxaca de Ju\u00e1rez, Oax., a 6 de junio de 2023.- La Fiscal\u00eda General&hellip;<\/p>\n","protected":false},"author":2,"featured_media":56134,"comment_status":"closed","ping_status":"open","sticky":false,"template":"","format":"standard","meta":{"_lmt_disableupdate":"","_lmt_disable":"","_jetpack_memberships_contains_paid_content":false,"footnotes":""},"categories":[109,46],"tags":[494],"class_list":["post-56139","post","type-post","status-publish","format-standard","has-post-thumbnail","hentry","category-minuto-a-minuto","category-zona-blanca","tag-fiscalia-general-del-estado-de-oaxaca"],"jetpack_featured_media_url":"https:\/\/zonaroja.com.mx\/wp-content\/uploads\/2023\/06\/Detenidos-por-delitos-sexuales-Fiscalia-Oaxaca.jpeg","jetpack_sharing_enabled":true,"_links":{"self":[{"href":"https:\/\/zonaroja.com.mx\/index.php?rest_route=\/wp\/v2\/posts\/56139","targetHints":{"allow":["GET"]}}],"collection":[{"href":"https:\/\/zonaroja.com.mx\/index.php?rest_route=\/wp\/v2\/posts"}],"about":[{"href":"https:\/\/zonaroja.com.mx\/index.php?rest_route=\/wp\/v2\/types\/post"}],"author":[{"embeddable":true,"href":"https:\/\/zonaroja.com.mx\/index.php?rest_route=\/wp\/v2\/users\/2"}],"replies":[{"embeddable":true,"href":"https:\/\/zonaroja.com.mx\/index.php?rest_route=%2Fwp%2Fv2%2Fcomments&post=56139"}],"version-history":[{"count":1,"href":"https:\/\/zonaroja.com.mx\/index.php?rest_route=\/wp\/v2\/posts\/56139\/revisions"}],"predecessor-version":[{"id":56140,"href":"https:\/\/zonaroja.com.mx\/index.php?rest_route=\/wp\/v2\/posts\/56139\/revisions\/56140"}],"wp:featuredmedia":[{"embeddable":true,"href":"https:\/\/zonaroja.com.mx\/index.php?rest_route=\/wp\/v2\/media\/56134"}],"wp:attachment":[{"href":"https:\/\/zonaroja.com.mx\/index.php?rest_route=%2Fwp%2Fv2%2Fmedia&parent=56139"}],"wp:term":[{"taxonomy":"category","embeddable":true,"href":"https:\/\/zonaroja.com.mx\/index.php?rest_route=%2Fwp%2Fv2%2Fcategories&post=56139"},{"taxonomy":"post_tag","embeddable":true,"href":"https:\/\/zonaroja.com.mx\/index.php?rest_route=%2Fwp%2Fv2%2Ftags&post=56139"}],"curies":[{"name":"wp","href":"https:\/\/api.w.org\/{rel}","templated":true}]}}