{"id":56143,"date":"2023-06-07T11:30:00","date_gmt":"2023-06-07T16:30:00","guid":{"rendered":"http:\/\/www.zonaroja.com.mx\/?p=56143"},"modified":"2023-06-06T23:02:25","modified_gmt":"2023-06-07T04:02:25","slug":"firman-convenio-fiscalia-y-asi-legal-para-defensa-de-derechos-de-victimas","status":"publish","type":"post","link":"https:\/\/zonaroja.com.mx\/?p=56143","title":{"rendered":"Firman convenio Fiscal\u00eda y ASI Legal, para defensa de derechos de v\u00edctimas"},"content":{"rendered":"\n<p>Redacci\u00f3n\/Zona Roja.<\/p>\n\n\n\n<p>Oaxaca de Ju\u00e1rez, Oax., a 7 de junio de 2023.- El fiscal General del Estado de&nbsp; Oaxaca, Bernardo Rodr\u00edguez Alamilla, y el director de la organizaci\u00f3n Asistencia Legal por los Derechos Humanos (ASI Legal), Jos\u00e9 Luis Guti\u00e9rrez, firmaron un convenio de colaboraci\u00f3n para fortalecer la defensa, protecci\u00f3n y promoci\u00f3n de los derechos de las v\u00edctimas, as\u00ed como de las personas en conflicto con la ley, desde la FGEO.<\/p>\n\n\n\n<p>Acompa\u00f1ado por el coordinador Jur\u00eddico de ASI Legal, Cristopher Alexis S\u00e1nchez, as\u00ed como integrantes de la instituci\u00f3n, entre ellos el director del Instituto de Formaci\u00f3n y Capacitaci\u00f3n Profesional de la Fiscal\u00eda, Juan Pablo Garc\u00eda, y el Contralor General, Jorge Cruz Caballero; Rodr\u00edguez Alamilla afirm\u00f3 que este convenio forma parte del proceso de reconfiguraci\u00f3n y fortalecimiento de la instituci\u00f3n.<\/p>\n\n\n\n<p>Y apunt\u00f3 que, a trav\u00e9s de la suma de esfuerzos, se pueden establecer sinergias con organizaciones de la sociedad civil que coadyuven a la formaci\u00f3n del personal de la instituci\u00f3n, para contribuir con el mejoramiento de sus capacidades de atenci\u00f3n y en los procesos de investigaci\u00f3n.<\/p>\n\n\n\n<p>El fiscal General reconoci\u00f3 que los aportes de ASI Legal en materia de la capacitaci\u00f3n, consultor\u00eda y asesor\u00eda en materia de enfoque de derechos humanos e interseccional, permitir\u00e1 mejorar los procesos de investigaci\u00f3n y procuraci\u00f3n de justicia, adem\u00e1s de contribuir con la reingenier\u00eda institucional, para brindar a la sociedad mejores resultados.<\/p>\n\n\n\n<p>Reiter\u00f3 que el acuerdo forma parte del compromiso institucional de coordinar esfuerzos y realizar alianzas estrat\u00e9gicas que permitan fortalecer, hacer eficiente y eficaz la procuraci\u00f3n de justicia, para lo cual es indispensable la participaci\u00f3n de la sociedad civil organizada.<\/p>\n\n\n\n<p>Por su parte, el director de Asistencia Legal por los Derechos Humanos Jos\u00e9 Luis Guti\u00e9rrez agradeci\u00f3 la apertura para la firma del convenio, y a\u00f1adi\u00f3 que desde este organismo se puede contribuir en materia de capacitaci\u00f3n para que desde las instituciones puedan incorporar el enfoque interseccional que ayude a dar a las investigaciones un enfoque con perspectiva de derechos humanos.<\/p>\n\n\n\n<p>Agreg\u00f3 que ASI Legal tiene como objetivo contribuir en el acceso a la justicia, especialmente con sectores como mujeres, personas ind\u00edgenas, miembros de la comunidad de la diversidad sexual, por lo que refrend\u00f3 la importancia de mantener un trabajo coordinado con la instituci\u00f3n.<\/p>\n","protected":false},"excerpt":{"rendered":"<p>Redacci\u00f3n\/Zona Roja. Oaxaca de Ju\u00e1rez, Oax., a 7 de junio de 2023.- El fiscal General&hellip;<\/p>\n","protected":false},"author":2,"featured_media":56135,"comment_status":"closed","ping_status":"open","sticky":false,"template":"","format":"standard","meta":{"_lmt_disableupdate":"","_lmt_disable":"","_jetpack_memberships_contains_paid_content":false,"footnotes":""},"categories":[109,46],"tags":[494],"class_list":["post-56143","post","type-post","status-publish","format-standard","has-post-thumbnail","hentry","category-minuto-a-minuto","category-zona-blanca","tag-fiscalia-general-del-estado-de-oaxaca"],"jetpack_featured_media_url":"https:\/\/zonaroja.com.mx\/wp-content\/uploads\/2023\/06\/Firma-convenio-Fiscalia-con-ASi-Legal.jpeg","jetpack_sharing_enabled":true,"_links":{"self":[{"href":"https:\/\/zonaroja.com.mx\/index.php?rest_route=\/wp\/v2\/posts\/56143","targetHints":{"allow":["GET"]}}],"collection":[{"href":"https:\/\/zonaroja.com.mx\/index.php?rest_route=\/wp\/v2\/posts"}],"about":[{"href":"https:\/\/zonaroja.com.mx\/index.php?rest_route=\/wp\/v2\/types\/post"}],"author":[{"embeddable":true,"href":"https:\/\/zonaroja.com.mx\/index.php?rest_route=\/wp\/v2\/users\/2"}],"replies":[{"embeddable":true,"href":"https:\/\/zonaroja.com.mx\/index.php?rest_route=%2Fwp%2Fv2%2Fcomments&post=56143"}],"version-history":[{"count":1,"href":"https:\/\/zonaroja.com.mx\/index.php?rest_route=\/wp\/v2\/posts\/56143\/revisions"}],"predecessor-version":[{"id":56144,"href":"https:\/\/zonaroja.com.mx\/index.php?rest_route=\/wp\/v2\/posts\/56143\/revisions\/56144"}],"wp:featuredmedia":[{"embeddable":true,"href":"https:\/\/zonaroja.com.mx\/index.php?rest_route=\/wp\/v2\/media\/56135"}],"wp:attachment":[{"href":"https:\/\/zonaroja.com.mx\/index.php?rest_route=%2Fwp%2Fv2%2Fmedia&parent=56143"}],"wp:term":[{"taxonomy":"category","embeddable":true,"href":"https:\/\/zonaroja.com.mx\/index.php?rest_route=%2Fwp%2Fv2%2Fcategories&post=56143"},{"taxonomy":"post_tag","embeddable":true,"href":"https:\/\/zonaroja.com.mx\/index.php?rest_route=%2Fwp%2Fv2%2Ftags&post=56143"}],"curies":[{"name":"wp","href":"https:\/\/api.w.org\/{rel}","templated":true}]}}