{"id":56147,"date":"2023-06-07T08:17:54","date_gmt":"2023-06-07T13:17:54","guid":{"rendered":"http:\/\/www.zonaroja.com.mx\/?p=56147"},"modified":"2023-06-07T08:17:56","modified_gmt":"2023-06-07T13:17:56","slug":"muere-baleado-en-xoxocotlan-tras-hecho-de-transito-hay-dos-detenidos","status":"publish","type":"post","link":"https:\/\/zonaroja.com.mx\/?p=56147","title":{"rendered":"Muere baleado en Xoxocotl\u00e1n, tras hecho de tr\u00e1nsito; hay dos detenidos"},"content":{"rendered":"\n<p>Ismael Garc\u00eda M.\/Zona Roja.<\/p>\n\n\n\n<p>Oaxaca de Ju\u00e1rez, Oax., a 7 de junio de 2023.- Una persona del sexo masculino perdi\u00f3 la vida luego de ser atacada a balazos en el municipio de Santa Cruz Xoxocotl\u00e1n, tras un hecho de tr\u00e1nsito.<\/p>\n\n\n\n<p>De acuerdo con los reportes policiacos, el percance entre dos camionetas ocurri\u00f3 alrededor de las 19:00 horas de ayer en la colonia Francisco I. Madero, carretera a la colonia Monte Bello, lo que deriv\u00f3 en una ri\u00f1a.<\/p>\n\n\n\n<p>Uno de los involucrados dispar\u00f3 en contra de dos personas, una de las cuales fue trasladada al Hospital Civil de la ciudad de Oaxaca, donde perdi\u00f3 la vida posteriormente.<\/p>\n\n\n\n<p>Elementos de la polic\u00eda municipal de Xoxocotl\u00e1n iniciaron la persecuci\u00f3n y lograron la detenci\u00f3n de dos personas, que adem\u00e1s hab\u00edan da\u00f1ado un taxi, identificadas como Daniel M. G. R., de 28 a\u00f1os de edad, y Daniel G. A., de 49 a\u00f1os, quienes fueron puestos a disposici\u00f3n de la Fiscal\u00eda General del Estado.<\/p>\n\n\n\n<p>La v\u00edctima fatal respondi\u00f3 en vida al nombre de Carlos G. M., de 34 a\u00f1os de edad, mientras que Ezequiel G. S., de 32 a\u00f1os, convalece a\u00fan en el hospital.<\/p>\n\n\n\n<p>TAXISTA COLGADO<\/p>\n\n\n\n<p>Por otra parte, en Santa Mar\u00eda Huatulco fue hallado el cuerpo de un taxista, colgado de un \u00e1rbol, quien presuntamente se suicid\u00f3, pero cuyo cuerpo presenta huellas de violencia.<\/p>\n\n\n\n<p>Se trata del ruletero Gerardo \u201cN\u201d, de 48 a\u00f1os de edad y originario de la Ciudad de M\u00e9xico, quien fue hallado cerca de su taxi del sitio \u201cResidencial Balcones\u201d de Bah\u00edas de Huatulco; d\u00edas atr\u00e1s fue reportado como desaparecido.<\/p>\n\n\n\n<p>Personal de la Vicefiscal\u00eda Regional de la Costa inici\u00f3 las indagatorias correspondientes.<\/p>\n","protected":false},"excerpt":{"rendered":"<p>Ismael Garc\u00eda M.\/Zona Roja. Oaxaca de Ju\u00e1rez, Oax., a 7 de junio de 2023.- Una&hellip;<\/p>\n","protected":false},"author":2,"featured_media":56148,"comment_status":"closed","ping_status":"open","sticky":false,"template":"","format":"standard","meta":{"_lmt_disableupdate":"","_lmt_disable":"","_jetpack_memberships_contains_paid_content":false,"footnotes":""},"categories":[109,51],"tags":[133],"class_list":["post-56147","post","type-post","status-publish","format-standard","has-post-thumbnail","hentry","category-minuto-a-minuto","category-zona-roja","tag-santa-cruz-xoxocotlan"],"jetpack_featured_media_url":"https:\/\/zonaroja.com.mx\/wp-content\/uploads\/2023\/06\/Baleado-y-muerto-Xoxocotlan.jpg","jetpack_sharing_enabled":true,"_links":{"self":[{"href":"https:\/\/zonaroja.com.mx\/index.php?rest_route=\/wp\/v2\/posts\/56147","targetHints":{"allow":["GET"]}}],"collection":[{"href":"https:\/\/zonaroja.com.mx\/index.php?rest_route=\/wp\/v2\/posts"}],"about":[{"href":"https:\/\/zonaroja.com.mx\/index.php?rest_route=\/wp\/v2\/types\/post"}],"author":[{"embeddable":true,"href":"https:\/\/zonaroja.com.mx\/index.php?rest_route=\/wp\/v2\/users\/2"}],"replies":[{"embeddable":true,"href":"https:\/\/zonaroja.com.mx\/index.php?rest_route=%2Fwp%2Fv2%2Fcomments&post=56147"}],"version-history":[{"count":1,"href":"https:\/\/zonaroja.com.mx\/index.php?rest_route=\/wp\/v2\/posts\/56147\/revisions"}],"predecessor-version":[{"id":56149,"href":"https:\/\/zonaroja.com.mx\/index.php?rest_route=\/wp\/v2\/posts\/56147\/revisions\/56149"}],"wp:featuredmedia":[{"embeddable":true,"href":"https:\/\/zonaroja.com.mx\/index.php?rest_route=\/wp\/v2\/media\/56148"}],"wp:attachment":[{"href":"https:\/\/zonaroja.com.mx\/index.php?rest_route=%2Fwp%2Fv2%2Fmedia&parent=56147"}],"wp:term":[{"taxonomy":"category","embeddable":true,"href":"https:\/\/zonaroja.com.mx\/index.php?rest_route=%2Fwp%2Fv2%2Fcategories&post=56147"},{"taxonomy":"post_tag","embeddable":true,"href":"https:\/\/zonaroja.com.mx\/index.php?rest_route=%2Fwp%2Fv2%2Ftags&post=56147"}],"curies":[{"name":"wp","href":"https:\/\/api.w.org\/{rel}","templated":true}]}}