{"id":5616,"date":"2019-11-10T17:14:13","date_gmt":"2019-11-10T23:14:13","guid":{"rendered":"http:\/\/www.zonaroja.com.mx\/?p=5616"},"modified":"2019-11-10T17:14:17","modified_gmt":"2019-11-10T23:14:17","slug":"anuncia-profeco-operativo-en-oaxaca-por-el-buen-fin","status":"publish","type":"post","link":"https:\/\/zonaroja.com.mx\/?p=5616","title":{"rendered":"Anuncia Profeco operativo en Oaxaca por el \u201cBuen Fin\u201d"},"content":{"rendered":"\n<p>Redacci\u00f3n\/Zona\nRoja.<\/p>\n\n\n\n<p>Oaxaca\nde Ju\u00e1rez, Oaxaca a 10 de noviembre de 2019.- La delegaci\u00f3n de la Procuradur\u00eda\nFederal del Consumidor (Profeco) anunci\u00f3 un operativo de inspecci\u00f3n, ante la\nnovena edici\u00f3n del \u201cBuen Fin\u201d, que se llevar\u00e1 a cabo del 15 al 18 de noviembre.<\/p>\n\n\n\n<p>En\nese lapso, operar\u00e1 con 37 servidores p\u00fablicos, ocho m\u00f3dulos instalados en los\ncentros de mayor consumo del estado, ocho brigadas m\u00f3viles as\u00ed como personal de\nguardia en sus oficinas de la capital y en los m\u00f3dulos de Huatulco, Tlaxiaco y\nTuxtepec.<\/p>\n\n\n\n<p>La titular de Profeco en Oaxaca, Mar\u00eda de Lourdes Santiago Cruz, inform\u00f3 que para orientar a los consumidores sobre la veracidad de las ofertas en el \u201cBuen Fin\u201d 2019, desde octubre pasado se monitorean los precios de los art\u00edculos que m\u00e1s se venden en \u00e9ste programa.<\/p>\n\n\n\n<figure class=\"wp-block-image\"><img decoding=\"async\" width=\"687\" height=\"880\" src=\"http:\/\/www.zonaroja.com.mx\/wp-content\/uploads\/2019\/11\/Operativo-Profeco.jpg\" alt=\"\" class=\"wp-image-5617\" srcset=\"https:\/\/zonaroja.com.mx\/wp-content\/uploads\/2019\/11\/Operativo-Profeco.jpg 687w, https:\/\/zonaroja.com.mx\/wp-content\/uploads\/2019\/11\/Operativo-Profeco-234x300.jpg 234w, https:\/\/zonaroja.com.mx\/wp-content\/uploads\/2019\/11\/Operativo-Profeco-585x749.jpg 585w\" sizes=\"(max-width: 687px) 100vw, 687px\" \/><\/figure>\n\n\n\n<p>Tales\ncomo pantallas, refrigeradores, ropa, calzado, tel\u00e9fonos inteligentes,\ncomputadoras y telefon\u00eda m\u00f3vil y la informaci\u00f3n se puede consultar en la\nplataforma digital de \u201cQui\u00e9n es Qui\u00e9n en los Precios\u201d, disponible de manera\ngratuita en internet.<\/p>\n\n\n\n<p>Exhort\u00f3\na proveedores a evitar pr\u00e1cticas comerciales abusivas o desleales, a respetar\npromociones y ofertas, a que retiren de la publicidad los art\u00edculos agotados,\nentreguen notas de venta, facturas y garant\u00edas y proporcionen informaci\u00f3n\nnecesaria a las personas para que puedan elegir mejor su compra.<\/p>\n\n\n\n<p>Record\u00f3\na la poblaci\u00f3n consumidora, que a trav\u00e9s de la herramienta en l\u00ednea\nConciliaexpres, se pueden resolver controversias de consumo de manera pr\u00e1ctica,\nadem\u00e1s el personal de esta dependencia estar\u00e1 vigilante del viernes 15 al lunes\n18 de noviembre para brindar asesor\u00edas, acopiar denuncias, procurar la\nconciliaci\u00f3n de las quejas y canalizar a otras autoridades los casos cuando as\u00ed\nse requiera.<\/p>\n\n\n\n<p>As\u00ed\nmismo, Profeco invita a la poblaci\u00f3n que antes de cualquier compra, realicen en\nfamilia un an\u00e1lisis de su presupuesto para determinar las cosas que quieren\nadquirir y eviten contratar deudas m\u00e1s all\u00e1 de su capacidad de pago\ncomprometiendo de manera irresponsable su ingreso futuro. <\/p>\n\n\n\n<p>Indic\u00f3\nque es importante recordar que el \u201cBuen Fin\u201d es un compromiso del sector\necon\u00f3mico de mejorar la oferta de productos y servicios para para activar la\neconom\u00eda local y nacional, por lo que corresponde a las y los consumidores\nrealizar compras responsables, razonadas y mantener vigilante el respeto de sus\nderechos.<\/p>\n\n\n\n<p>Para\nquejas y denuncias, la Profeco pone a disposici\u00f3n de la poblaci\u00f3n los canales\nde comunicaci\u00f3n a fin de reportar cualquier irregularidad o solicitar asesor\u00eda,\na trav\u00e9s del Tel\u00e9fono del Consumidor 800 468 8722, en la ciudad de Oaxaca el\n951 51 3 41 41, y de las redes sociales oficiales en Twitter: @AtencionProfeco\ny en Facebook: ProfecoOficial.<\/p>\n","protected":false},"excerpt":{"rendered":"<p>Redacci\u00f3n\/Zona Roja. Oaxaca de Ju\u00e1rez, Oaxaca a 10 de noviembre de 2019.- La delegaci\u00f3n de&hellip;<\/p>\n","protected":false},"author":2,"featured_media":5618,"comment_status":"closed","ping_status":"open","sticky":false,"template":"","format":"standard","meta":{"_lmt_disableupdate":"","_lmt_disable":"","_jetpack_memberships_contains_paid_content":false,"footnotes":""},"categories":[109,46],"tags":[991],"class_list":["post-5616","post","type-post","status-publish","format-standard","has-post-thumbnail","hentry","category-minuto-a-minuto","category-zona-blanca","tag-procuraduria-federal-del-consumidor-profeco"],"jetpack_featured_media_url":"https:\/\/zonaroja.com.mx\/wp-content\/uploads\/2019\/11\/Mar\u00eda-de-Lourdes-Santiago-Cruz.jpg","jetpack_sharing_enabled":true,"_links":{"self":[{"href":"https:\/\/zonaroja.com.mx\/index.php?rest_route=\/wp\/v2\/posts\/5616","targetHints":{"allow":["GET"]}}],"collection":[{"href":"https:\/\/zonaroja.com.mx\/index.php?rest_route=\/wp\/v2\/posts"}],"about":[{"href":"https:\/\/zonaroja.com.mx\/index.php?rest_route=\/wp\/v2\/types\/post"}],"author":[{"embeddable":true,"href":"https:\/\/zonaroja.com.mx\/index.php?rest_route=\/wp\/v2\/users\/2"}],"replies":[{"embeddable":true,"href":"https:\/\/zonaroja.com.mx\/index.php?rest_route=%2Fwp%2Fv2%2Fcomments&post=5616"}],"version-history":[{"count":1,"href":"https:\/\/zonaroja.com.mx\/index.php?rest_route=\/wp\/v2\/posts\/5616\/revisions"}],"predecessor-version":[{"id":5619,"href":"https:\/\/zonaroja.com.mx\/index.php?rest_route=\/wp\/v2\/posts\/5616\/revisions\/5619"}],"wp:featuredmedia":[{"embeddable":true,"href":"https:\/\/zonaroja.com.mx\/index.php?rest_route=\/wp\/v2\/media\/5618"}],"wp:attachment":[{"href":"https:\/\/zonaroja.com.mx\/index.php?rest_route=%2Fwp%2Fv2%2Fmedia&parent=5616"}],"wp:term":[{"taxonomy":"category","embeddable":true,"href":"https:\/\/zonaroja.com.mx\/index.php?rest_route=%2Fwp%2Fv2%2Fcategories&post=5616"},{"taxonomy":"post_tag","embeddable":true,"href":"https:\/\/zonaroja.com.mx\/index.php?rest_route=%2Fwp%2Fv2%2Ftags&post=5616"}],"curies":[{"name":"wp","href":"https:\/\/api.w.org\/{rel}","templated":true}]}}