{"id":56162,"date":"2023-06-07T09:25:09","date_gmt":"2023-06-07T14:25:09","guid":{"rendered":"http:\/\/www.zonaroja.com.mx\/?p=56162"},"modified":"2023-06-07T09:25:12","modified_gmt":"2023-06-07T14:25:12","slug":"familias-de-migrantes-asesinados-en-eu-demandan-apoyo-de-amlo","status":"publish","type":"post","link":"https:\/\/zonaroja.com.mx\/?p=56162","title":{"rendered":"Familias de migrantes asesinados en EU demandan apoyo de AMLO"},"content":{"rendered":"\n<p>Ismael Garc\u00eda M.\/Zona Roja.<\/p>\n\n\n\n<p>Oaxaca de Ju\u00e1rez, Oax., a 7 de junio de 2023.- Familiares de los tres j\u00f3venes asesinados a inicios del a\u00f1o pasado en Phoenix, Arizona, Estados Unidos, demandaron la intervenci\u00f3n del Presidente de M\u00e9xico, Andr\u00e9s Manuel L\u00f3pez Obrador, a fin de castigar a los culpables.<\/p>\n\n\n\n<p>\u201cDurante estos d\u00edas, hemos recibido la noticia de la detenci\u00f3n de J. D. alias \u00abEl Chivo\u00bb por parte de la Fiscal\u00eda General de la Rep\u00fablica, por delitos que cometi\u00f3 aqu\u00ed en M\u00e9xico.&nbsp;<\/p>\n\n\n\n<p>\u201cSabemos que adem\u00e1s es uno de los presuntos asesinos de nuestros hijos que se llamaban: Abimael Jim\u00e9nez, de 17 a\u00f1os; Isauro Mart\u00ednez, de 22, y Herminio P\u00e9rez, de 28 lo que sucedi\u00f3 en Estados Unidos.&nbsp;<\/p>\n\n\n\n<p>\u201cHace un a\u00f1o, en febrero del 2022 se convirti\u00f3 en una de las etapas m\u00e1s duras para cada una de nuestras familias.<\/p>\n\n\n\n<p>\u201cProvenimos de Santo Domingo Tepuxtepec Mixe en el estado de Oaxaca, una comunidad donde existen muchas carencias econ\u00f3micas, educativas y de trabajo, lo que ha orillado a muchos de los hijos de nuestro pueblo a buscar mejores condiciones de vida, no solo para ellos sino para nosotros los que nos quedamos\u201d, rese\u00f1an en una carta que enviaron al mandatario mexicano.<\/p>\n\n\n\n<p>\u201cNuestros hijos quieren ayudarnos, a sus padres, a sus hermanos y a su comunidad. Fue esa raz\u00f3n lo que motiv\u00f3 a Abimael e Isauro a buscar cruzar hacia el norte con ayuda de Herminio, sab\u00edamos de los riesgos que significa hacer ese camino pero fue mayor su valent\u00eda por salir adelante que al fin lo lograron. Fue una gran alegr\u00eda saber que ya se encontraban all\u00e1 y que estaban cerca de encontrarse con otros familiares pero esto nunca sucedi\u00f3\u201d, narran.<\/p>\n\n\n\n<p>Exponen que bastaron un par de horas para que no supieran m\u00e1s de ellos hasta que d\u00edas despu\u00e9s se les inform\u00f3 que tres cuerpos hab\u00edan aparecido en la ciudad de Phoenix y que aparentemente podr\u00edan tratarse de sus hijos.&nbsp;<\/p>\n\n\n\n<p>\u201cDesde entonces morimos con ellos. Fue cuesti\u00f3n de tiempo para que la muerte de nuestros hijos fuera noticia por todos lados, diversos periodistas y defensores de derechos humanos se acercaron a nosotras, supimos que usted el Presidente de M\u00e9xico tambi\u00e9n supo de su muerte y que pidi\u00f3 que se investigara.&nbsp;<\/p>\n\n\n\n<p>\u201cPero a nosotras solo nos importaba tener de vuelta a nuestros hijos, verlos por \u00faltima vez y que regresar\u00e1n a sus madres y con ello tambi\u00e9n nos referimos a la tierra que los vio nacer, pasaron los d\u00edas y con ayuda de nuestro pueblo y muchos migrantes pudimos enterrarlos\u201d, a\u00f1aden.<\/p>\n\n\n\n<p>Agregan que despu\u00e9s se enteraron que la polic\u00eda de Estados Unidos detuvo a uno de los probables involucrados y detectaron que se trataba de una persona que conoc\u00edan en la comunidad y se dedica al tr\u00e1fico junto con otros j\u00f3venes.<\/p>\n\n\n\n<p>\u201cEntre las investigaciones se nos informo que tambi\u00e9n se encontraba involucrado el actual detenido por la FGR: J.D. alias \u2018El Chivo\u2019. Durante mucho tiempo vimos lejano que pudiera hacerse justicia por nuestros hijos, sobre todo porque los hechos sucedieron en Estados Unidos, un pa\u00eds donde de por s\u00ed, los migrantes no les importan mucho.<\/p>\n\n\n\n<p>\u201cPero creemos que est\u00e9 momento es el m\u00e1s indicado para que usted Presidente Andr\u00e9s Manuel L\u00f3pez Obrador y el canciller Marcelo Ebrard recuerden a nuestros hijos y exijan a las autoridades de Estados Unidos que haya justicia por estos tres asesinatos, para que puedan colaborar y definir cu\u00e1l es la mejor ruta para lograr justicia, si con las investigaciones aqu\u00ed en M\u00e9xico o con las investigaciones de Estados Unidos\u201d, demandan.<\/p>\n\n\n\n<p>\u201cQueremos paz para nuestras familias, para nuestro pueblo y comunidades vecinas pero sabemos que no existe la paz si no viene con justicia. Agradeceremos atienda est\u00e1 petici\u00f3n para que ninguna madre tenga que llorar a sus hijos migrantes\u201d, terminan su carta.<\/p>\n\n\n\n<p>Ayer por la tarde dieron una conferencia de prensa en el z\u00f3calo de la capital oaxaque\u00f1a:<\/p>\n\n\n\n<figure class=\"wp-block-embed is-type-rich is-provider-twitter wp-block-embed-twitter\"><div class=\"wp-block-embed__wrapper\">\n<div class=\"twitter-tweet\"><blockquote class=\"twitter-tweet\" data-lang=\"es\"><p lang=\"es\" dir=\"ltr\"><a href=\"https:\/\/twitter.com\/hashtag\/%C3%9AltimoMinuto?src=hash&amp;ref_src=twsrc%5Etfw\">#\u00daltimoMinuto<\/a><br>Desde el z\u00f3calo de la capital de Oaxaca, familiares y padres de familia de los tres jovenes de Santo Domingo <a href=\"https:\/\/twitter.com\/hashtag\/Tepuxtepec?src=hash&amp;ref_src=twsrc%5Etfw\">#Tepuxtepec<\/a>, asesinados en Phoenix, Arizona, Estados Unidos, reiteran su exigencia de justicia: <a href=\"https:\/\/t.co\/YfQi6ZWarF\">pic.twitter.com\/YfQi6ZWarF<\/a><\/p>&mdash; Zona Roja Oaxaca (@ZonaRoja_Oaxaca) <a href=\"https:\/\/twitter.com\/ZonaRoja_Oaxaca\/status\/1666206465286103047?ref_src=twsrc%5Etfw\">6 de junio de 2023<\/a><\/blockquote><\/div>\n<\/div><\/figure>\n","protected":false},"excerpt":{"rendered":"<p>Ismael Garc\u00eda M.\/Zona Roja. Oaxaca de Ju\u00e1rez, Oax., a 7 de junio de 2023.- Familiares&hellip;<\/p>\n","protected":false},"author":2,"featured_media":56163,"comment_status":"closed","ping_status":"open","sticky":false,"template":"","format":"standard","meta":{"_lmt_disableupdate":"","_lmt_disable":"","_jetpack_memberships_contains_paid_content":false,"footnotes":""},"categories":[109,47],"tags":[3049],"class_list":["post-56162","post","type-post","status-publish","format-standard","has-post-thumbnail","hentry","category-minuto-a-minuto","category-zona-gris","tag-santo-domingo-tepuxtepec"],"jetpack_featured_media_url":"https:\/\/zonaroja.com.mx\/wp-content\/uploads\/2023\/06\/Familias-Tepuxtepec-migrantes-asesinados.jpg","jetpack_sharing_enabled":true,"_links":{"self":[{"href":"https:\/\/zonaroja.com.mx\/index.php?rest_route=\/wp\/v2\/posts\/56162","targetHints":{"allow":["GET"]}}],"collection":[{"href":"https:\/\/zonaroja.com.mx\/index.php?rest_route=\/wp\/v2\/posts"}],"about":[{"href":"https:\/\/zonaroja.com.mx\/index.php?rest_route=\/wp\/v2\/types\/post"}],"author":[{"embeddable":true,"href":"https:\/\/zonaroja.com.mx\/index.php?rest_route=\/wp\/v2\/users\/2"}],"replies":[{"embeddable":true,"href":"https:\/\/zonaroja.com.mx\/index.php?rest_route=%2Fwp%2Fv2%2Fcomments&post=56162"}],"version-history":[{"count":1,"href":"https:\/\/zonaroja.com.mx\/index.php?rest_route=\/wp\/v2\/posts\/56162\/revisions"}],"predecessor-version":[{"id":56164,"href":"https:\/\/zonaroja.com.mx\/index.php?rest_route=\/wp\/v2\/posts\/56162\/revisions\/56164"}],"wp:featuredmedia":[{"embeddable":true,"href":"https:\/\/zonaroja.com.mx\/index.php?rest_route=\/wp\/v2\/media\/56163"}],"wp:attachment":[{"href":"https:\/\/zonaroja.com.mx\/index.php?rest_route=%2Fwp%2Fv2%2Fmedia&parent=56162"}],"wp:term":[{"taxonomy":"category","embeddable":true,"href":"https:\/\/zonaroja.com.mx\/index.php?rest_route=%2Fwp%2Fv2%2Fcategories&post=56162"},{"taxonomy":"post_tag","embeddable":true,"href":"https:\/\/zonaroja.com.mx\/index.php?rest_route=%2Fwp%2Fv2%2Ftags&post=56162"}],"curies":[{"name":"wp","href":"https:\/\/api.w.org\/{rel}","templated":true}]}}