{"id":56165,"date":"2023-06-07T19:33:27","date_gmt":"2023-06-08T00:33:27","guid":{"rendered":"http:\/\/www.zonaroja.com.mx\/?p=56165"},"modified":"2023-06-07T19:33:29","modified_gmt":"2023-06-08T00:33:29","slug":"intensifica-seccion-22-de-snte-movilizaciones-en-oaxaca-y-en-cdmx-por-cerrazon-de-gobierno","status":"publish","type":"post","link":"https:\/\/zonaroja.com.mx\/?p=56165","title":{"rendered":"Intensifica Secci\u00f3n 22 de SNTE movilizaciones en Oaxaca y en Cdmx, por cerraz\u00f3n de gobierno"},"content":{"rendered":"\n<p>Yuridiana Sosa\/ Zona Roja.<\/p>\n\n\n\n<p>Oaxaca de Ju\u00e1rez, Oax., a 7 de junio de 2023.- Integrantes de la Secci\u00f3n 22 del Sindicato Nacional de Trabajadores de la Educaci\u00f3n (SNTE) intensificaron sus protestas la tarde de este mi\u00e9rcoles, luego que la Secretar\u00eda de Educaci\u00f3n P\u00fablica (SEP) no dio soluci\u00f3n a los primeros planteamientos en mesa de di\u00e1logo en la Ciudad de M\u00e9xico.<\/p>\n\n\n\n<p>En su primer d\u00eda de paro laboral de 72 horas, la Comisi\u00f3n Pol\u00edtica encabezada por la secretaria General, Yenny Aracely P\u00e9rez Mart\u00ednez, se reuni\u00f3 con la SEP, encuentro en que estuvo presente el gobernador Salom\u00f3n Jara Cruz; sin embargo, una vez m\u00e1s encontraron respuesta negativa de la instituci\u00f3n a su pliego y el desaire de la secretaria, Leticia Ram\u00edrez.<\/p>\n\n\n\n<p>Por lo que consideraron \u201ccerraz\u00f3n\u201d del gobierno federal, la Comisi\u00f3n Pol\u00edtica se levant\u00f3 de la mesa de di\u00e1logo para emplazar a las autoridades a tener a la brevedad una soluci\u00f3n sobre el primer punto que fue el pago de incidencias de todos los niveles de los a\u00f1os 2014 y 2015.<\/p>\n\n\n\n<p>En la reuni\u00f3n de informaci\u00f3n a la base, que acompa\u00f1a la movilizaci\u00f3n a nivel nacional, los integrantes del Comit\u00e9 Ejecutivo destacaron que consideraron innecesario continuar con m\u00e1s planteamientos en la mesa de negociaci\u00f3n hasta que no se resuelva el primer punto.<\/p>\n\n\n\n<p>MANIFESTACI\u00d3N<\/p>\n\n\n\n<p>En la capital del pa\u00eds, la Secci\u00f3n 22 del SNTE denunci\u00f3 que a su salida de las oficinas de la SEP fueron agredidos por elementos policiales que custodian el inmueble, sin embargo, no cayeron en provocaciones.\u00a0<\/p>\n\n\n\n<p>No obstante, la secretaria General llam\u00f3 a las bases a mantenerse alerta y no bajar la guardia para demostrar la fuerza de la Secci\u00f3n 22 en caso que prevalezca la cerraz\u00f3n.\u00a0<\/p>\n\n\n\n<p>Ante estos hechos, la base reunida en la capital de Oaxaca increment\u00f3 sus acciones de protesta como medida de presi\u00f3n y en repudio al trato de la SEP.<\/p>\n\n\n\n<p>Minutos antes de las 16:00 horas el magisterio concentrado en la caseta de peaje de Huitzo, de la supercarretera Oaxaca-M\u00e9xico, cerr\u00f3 el acceso vehicular hasta nuevo aviso.<\/p>\n\n\n\n<p>Mientras que otro sector, con s\u00f3lo presencia de varones, se moviliz\u00f3 a la \u201ctoma\u201d de la terminal de ADO y las mujeres se reunieron en el z\u00f3calo de la capital, donde se encuentra el \u201cplant\u00f3n\u201d del magisterio para permanecer en \u201calerta m\u00e1xima\u201d.<\/p>\n\n\n\n<p>Por la ma\u00f1ana tambi\u00e9n \u00abcercaron\u00bb el Congreso del Estado, en San Raymundo Jalpan, para exigir abrogaci\u00f3n a leyes estatales en materia educativa y el reconocimiento de su Plan para la Transformaci\u00f3n de la Educaci\u00f3n de Oaxaca.\u00a0<\/p>\n\n\n\n<figure class=\"wp-block-embed is-type-rich is-provider-twitter wp-block-embed-twitter\"><div class=\"wp-block-embed__wrapper\">\n<div class=\"twitter-tweet\"><blockquote class=\"twitter-tweet\" data-lang=\"es\"><p lang=\"es\" dir=\"ltr\">Elementos policiacos del gobierno de <a href=\"https:\/\/twitter.com\/Claudiashein?ref_src=twsrc%5Etfw\">@Claudiashein<\/a> arrojaron gas lacrim\u00f3geno a maestros de la Secci\u00f3n 22 del SNTE de Oaxaca, lo que tens\u00f3 m\u00e1s la situaci\u00f3n en la Ciudad de M\u00e9xico. <a href=\"https:\/\/t.co\/AHAzsBDBvu\">pic.twitter.com\/AHAzsBDBvu<\/a><\/p>&mdash; Zona Roja Oaxaca (@ZonaRoja_Oaxaca) <a href=\"https:\/\/twitter.com\/ZonaRoja_Oaxaca\/status\/1666590252436189188?ref_src=twsrc%5Etfw\">7 de junio de 2023<\/a><\/blockquote><\/div>\n<\/div><\/figure>\n","protected":false},"excerpt":{"rendered":"<p>Yuridiana Sosa\/ Zona Roja. Oaxaca de Ju\u00e1rez, Oax., a 7 de junio de 2023.- Integrantes&hellip;<\/p>\n","protected":false},"author":2,"featured_media":56166,"comment_status":"closed","ping_status":"open","sticky":false,"template":"","format":"standard","meta":{"_lmt_disableupdate":"","_lmt_disable":"","_jetpack_memberships_contains_paid_content":false,"footnotes":""},"categories":[109,47],"tags":[312],"class_list":["post-56165","post","type-post","status-publish","format-standard","has-post-thumbnail","hentry","category-minuto-a-minuto","category-zona-gris","tag-seccion-22-del-snte"],"jetpack_featured_media_url":"https:\/\/zonaroja.com.mx\/wp-content\/uploads\/2023\/06\/Bloqueo-Seccion-22-ADO-Oaxaca.jpg","jetpack_sharing_enabled":true,"_links":{"self":[{"href":"https:\/\/zonaroja.com.mx\/index.php?rest_route=\/wp\/v2\/posts\/56165","targetHints":{"allow":["GET"]}}],"collection":[{"href":"https:\/\/zonaroja.com.mx\/index.php?rest_route=\/wp\/v2\/posts"}],"about":[{"href":"https:\/\/zonaroja.com.mx\/index.php?rest_route=\/wp\/v2\/types\/post"}],"author":[{"embeddable":true,"href":"https:\/\/zonaroja.com.mx\/index.php?rest_route=\/wp\/v2\/users\/2"}],"replies":[{"embeddable":true,"href":"https:\/\/zonaroja.com.mx\/index.php?rest_route=%2Fwp%2Fv2%2Fcomments&post=56165"}],"version-history":[{"count":1,"href":"https:\/\/zonaroja.com.mx\/index.php?rest_route=\/wp\/v2\/posts\/56165\/revisions"}],"predecessor-version":[{"id":56167,"href":"https:\/\/zonaroja.com.mx\/index.php?rest_route=\/wp\/v2\/posts\/56165\/revisions\/56167"}],"wp:featuredmedia":[{"embeddable":true,"href":"https:\/\/zonaroja.com.mx\/index.php?rest_route=\/wp\/v2\/media\/56166"}],"wp:attachment":[{"href":"https:\/\/zonaroja.com.mx\/index.php?rest_route=%2Fwp%2Fv2%2Fmedia&parent=56165"}],"wp:term":[{"taxonomy":"category","embeddable":true,"href":"https:\/\/zonaroja.com.mx\/index.php?rest_route=%2Fwp%2Fv2%2Fcategories&post=56165"},{"taxonomy":"post_tag","embeddable":true,"href":"https:\/\/zonaroja.com.mx\/index.php?rest_route=%2Fwp%2Fv2%2Ftags&post=56165"}],"curies":[{"name":"wp","href":"https:\/\/api.w.org\/{rel}","templated":true}]}}