{"id":56171,"date":"2023-06-07T20:27:56","date_gmt":"2023-06-08T01:27:56","guid":{"rendered":"http:\/\/www.zonaroja.com.mx\/?p=56171"},"modified":"2023-06-07T20:28:00","modified_gmt":"2023-06-08T01:28:00","slug":"lopez-obrador-reconoce-ejecucion-extrajudicial-de-militares-contra-civiles","status":"publish","type":"post","link":"https:\/\/zonaroja.com.mx\/?p=56171","title":{"rendered":"L\u00f3pez Obrador reconoce ejecuci\u00f3n extrajudicial de militares contra civiles"},"content":{"rendered":"\n<p>Redacci\u00f3n\/Zona Roja Cdmx.<\/p>\n\n\n\n<p>Ciudad de M\u00e9xico, a 7 de junio de 2023.- Tras la difusi\u00f3n de un video que muestra a soldados mexicanos cometiendo una presunta ejecuci\u00f3n extrajudicial contra civiles en el estado norte\u00f1o de Tamaulipas, el presidente Andr\u00e9s Manuel L\u00f3pez Obrador inform\u00f3 este mi\u00e9rcoles que las autoridades investigan el probable \u00abajusticiamiento\u00bb.&nbsp;<\/p>\n\n\n\n<p>\u00abSe est\u00e1 actuando. Al parecer s\u00ed hubo ajusticiamiento y eso no se puede permitir\u00bb, dijo L\u00f3pez Obrador en el marco de su conferencia matutina. \u00abCuando hay un abuso, un exceso, cuando se violan los derechos humanos, tiene que castigarse a los responsables\u00bb, agreg\u00f3.<\/p>\n\n\n\n<p>El diario \u201cEl Pa\u00eds\u201d difundi\u00f3 un video que habr\u00eda sido registrado el pasado 18 de mayo en la ciudad tamaulipeca de Nuevo Laredo, fronteriza con Laredo (Texas, EE.UU.).&nbsp;<\/p>\n\n\n\n<p>En&nbsp;la grabaci\u00f3n, se observa a una camioneta negra de caja abierta estrellarse contra un muro, que posteriormente es cercada por un veh\u00edculo del Ej\u00e9rcito mexicano y rodeada por una docena de militares con armas largas.&nbsp;<\/p>\n\n\n\n<p>En la secuencia, los militares retiran las armas de la camioneta, golpean a los civiles que viajaban en el veh\u00edculo y los colocan contra el muro. En seguida, las im\u00e1genes muestran que los&nbsp;soldados son agredidos a balazos a la distancia, sin que se vea a los agresores.&nbsp;<\/p>\n\n\n\n<p>A la par, los elementos castrenses&nbsp;les disparan a los civiles para posteriormente modificar la escena del crimen, colocando armas a un costado de los cad\u00e1veres.&nbsp;<\/p>\n\n\n\n<p>Seg\u00fan la versi\u00f3n que dio el teniente de infanter\u00eda Jos\u00e9 Luis &#8216;N&#8217; y que fue consultada por el citado medio, los civiles intentaron recuperar sus armas y recibieron apoyo a la distancia de algunos criminales c\u00f3mplices. Supuestamentente,\u00a0tras repeler la agresi\u00f3n, los soldados se dieron cuenta que cuatro civiles hab\u00edan fallecido, mientras que otro estaba en estado cr\u00edtico.\u00a0\u00a0<\/p>\n\n\n\n<figure class=\"wp-block-embed is-type-rich is-provider-twitter wp-block-embed-twitter\"><div class=\"wp-block-embed__wrapper\">\n<div class=\"twitter-tweet\"><blockquote class=\"twitter-tweet\" data-lang=\"es\"><p lang=\"es\" dir=\"ltr\">\u00a1Esc\u00e1ndalo! Elementos de las Fuerzas Armadas de M\u00e9xico habr\u00edan ejecutado extrajudicialmente a cinco civiles, en Nuevo Laredo, <a href=\"https:\/\/twitter.com\/hashtag\/Tamaulipas?src=hash&amp;ref_src=twsrc%5Etfw\">#Tamaulipas<\/a>, el pasado 18 de mayo. <br>Este es el video que difunde <a href=\"https:\/\/twitter.com\/el_pais?ref_src=twsrc%5Etfw\">@el_pais<\/a>, en que se aprecia adem\u00e1s la alteraci\u00f3n de la escena. <a href=\"https:\/\/t.co\/ITtdnSZqgQ\">pic.twitter.com\/ITtdnSZqgQ<\/a><\/p>&mdash; Zona Roja Oaxaca (@ZonaRoja_Oaxaca) <a href=\"https:\/\/twitter.com\/ZonaRoja_Oaxaca\/status\/1666274058457997313?ref_src=twsrc%5Etfw\">7 de junio de 2023<\/a><\/blockquote><\/div>\n<\/div><\/figure>\n\n\n\n<p>INVESTIGACI\u00d3N EN CURSO<\/p>\n\n\n\n<p>Desde el Palacio Nacional de la capital mexicana, L\u00f3pez Obrador apunt\u00f3 que hab\u00eda iniciado el proceso \u00abpara profundizar en la investigaci\u00f3n\u00bb y adelant\u00f3 que&nbsp;pronto se pondr\u00edan a disposici\u00f3n de las autoridades a \u00abtodos\u00bb los responsables de la ejecuci\u00f3n extrajudicial.&nbsp;<\/p>\n\n\n\n<p>De acuerdo con el mandatario, la propia Secretar\u00eda de la Defensa Nacional (Sedena) est\u00e1 \u00abrecomendando que se act\u00fae por el presunto hecho de ejecuci\u00f3n extrajudicial\u00bb. Asimismo, L\u00f3pez Obrador coment\u00f3 que la Fiscal\u00eda General de la Rep\u00fablica (FGR) intervendr\u00eda.&nbsp;<\/p>\n\n\n\n<p>\u00abNo hay encubrimiento. Nosotros no toleramos la violaci\u00f3n de los derechos humanos\u00bb, sentenci\u00f3 el presidente.&nbsp;<\/p>\n\n\n\n<p>En lo que va del 2023, se han registrado dos ejecuciones extrajudiciales cometidas por militares en Nuevo Laredo.&nbsp;El pasado 28 de febrero,&nbsp;soldados dispararon en contra de un veh\u00edculo tipo &#8216;pick-up&#8217; con siete individuos a bordo, causando la muerte de cinco personas.<\/p>\n\n\n\n<p>Aunque en un principio se difundi\u00f3 la versi\u00f3n de que se trataba de un enfrentamiento, un informe de la Comisi\u00f3n Nacional de los Derechos Humanos (CNDH) concluy\u00f3 que los militares cometieron un&nbsp;\u00abuso excesivo de la fuerza mediante el uso ileg\u00edtimo de armas de fuego\u00bb.&nbsp;<\/p>\n\n\n\n<p>Por esos hechos, cuatro soldados&nbsp;\u2014Bernardo &#8216;N&#8217;, Agust\u00edn &#8216;N&#8217;, Jorge Nicol\u00e1s &#8216;N&#8217; y Juan Carlos &#8216;N&#8217;\u2014 est\u00e1n en prisi\u00f3n preventiva por homicidio calificado y homicidio calificado en grado de tentativa.&nbsp;<\/p>\n\n\n\n<p>(Informaci\u00f3n de Actualidad RT)<\/p>\n","protected":false},"excerpt":{"rendered":"<p>Redacci\u00f3n\/Zona Roja Cdmx. Ciudad de M\u00e9xico, a 7 de junio de 2023.- Tras la difusi\u00f3n&hellip;<\/p>\n","protected":false},"author":2,"featured_media":56172,"comment_status":"closed","ping_status":"open","sticky":false,"template":"","format":"standard","meta":{"_lmt_disableupdate":"","_lmt_disable":"","_jetpack_memberships_contains_paid_content":false,"footnotes":""},"categories":[109,47],"tags":[2771],"class_list":["post-56171","post","type-post","status-publish","format-standard","has-post-thumbnail","hentry","category-minuto-a-minuto","category-zona-gris","tag-masacre-tamaulipas"],"jetpack_featured_media_url":"https:\/\/zonaroja.com.mx\/wp-content\/uploads\/2023\/06\/Militares-ejecucion-extrajudicial-Tamaulipas.jpg","jetpack_sharing_enabled":true,"_links":{"self":[{"href":"https:\/\/zonaroja.com.mx\/index.php?rest_route=\/wp\/v2\/posts\/56171","targetHints":{"allow":["GET"]}}],"collection":[{"href":"https:\/\/zonaroja.com.mx\/index.php?rest_route=\/wp\/v2\/posts"}],"about":[{"href":"https:\/\/zonaroja.com.mx\/index.php?rest_route=\/wp\/v2\/types\/post"}],"author":[{"embeddable":true,"href":"https:\/\/zonaroja.com.mx\/index.php?rest_route=\/wp\/v2\/users\/2"}],"replies":[{"embeddable":true,"href":"https:\/\/zonaroja.com.mx\/index.php?rest_route=%2Fwp%2Fv2%2Fcomments&post=56171"}],"version-history":[{"count":1,"href":"https:\/\/zonaroja.com.mx\/index.php?rest_route=\/wp\/v2\/posts\/56171\/revisions"}],"predecessor-version":[{"id":56173,"href":"https:\/\/zonaroja.com.mx\/index.php?rest_route=\/wp\/v2\/posts\/56171\/revisions\/56173"}],"wp:featuredmedia":[{"embeddable":true,"href":"https:\/\/zonaroja.com.mx\/index.php?rest_route=\/wp\/v2\/media\/56172"}],"wp:attachment":[{"href":"https:\/\/zonaroja.com.mx\/index.php?rest_route=%2Fwp%2Fv2%2Fmedia&parent=56171"}],"wp:term":[{"taxonomy":"category","embeddable":true,"href":"https:\/\/zonaroja.com.mx\/index.php?rest_route=%2Fwp%2Fv2%2Fcategories&post=56171"},{"taxonomy":"post_tag","embeddable":true,"href":"https:\/\/zonaroja.com.mx\/index.php?rest_route=%2Fwp%2Fv2%2Ftags&post=56171"}],"curies":[{"name":"wp","href":"https:\/\/api.w.org\/{rel}","templated":true}]}}