{"id":56174,"date":"2023-06-07T21:12:07","date_gmt":"2023-06-08T02:12:07","guid":{"rendered":"http:\/\/www.zonaroja.com.mx\/?p=56174"},"modified":"2023-06-07T21:12:10","modified_gmt":"2023-06-08T02:12:10","slug":"crecen-quejas-por-indolencia-del-gobierno-a-problematica-en-comunidades","status":"publish","type":"post","link":"https:\/\/zonaroja.com.mx\/?p=56174","title":{"rendered":"Crecen quejas por indolencia del gobierno a problem\u00e1tica en comunidades"},"content":{"rendered":"\n<p>Yuridiana Sosa\/Zona Roja.<\/p>\n\n\n\n<p>Oaxaca de Ju\u00e1rez, Oax., a 7 de junio de 2023.- &nbsp;Desplazados de la comunidad de Guadalupe Victoria de San Juan Juquila Mixe, en la Sierra de Ju\u00e1rez, denunciaron la omisi\u00f3n del gobierno de Oaxaca para atender y dar soluci\u00f3n al problema del destierro forzado y la violencia generada por sus vecinos de San Pedro Ocotepec.<\/p>\n\n\n\n<p>Los afectados desde hace m\u00e1s de seis a\u00f1os tuvieron que llegar hasta la capital del estado en busca de una reuni\u00f3n con el gobierno de Salom\u00f3n Jara Cruz, pues hasta el momento a pesar de las m\u00faltiples peticiones que han realizado no han recibido respuesta, mientras que los actos violentos contin\u00faan.<\/p>\n\n\n\n<p>En conferencia de prensa en el z\u00f3calo de la capital, frente a Palacio de Gobierno, mujeres y hombres refugiados en la cabecera municipal de San Juan Juquila exigen retorno seguro a sus comunidades, as\u00ed como vigilancia permanente en la zona por parte de la Guardia Nacional.<\/p>\n\n\n\n<p>\u201cYa no sabemos por qu\u00e9 el gobierno no nos hace caso\u201d, se\u00f1al\u00f3 el representante de Bienes Comunales, Lucio V\u00e1squez, quien agreg\u00f3 que tanto para las m\u00e1s de 120 familias desplazadas como para los que a\u00fan habitan su comunidad la situaci\u00f3n se hace cada vez m\u00e1s insostenible.<\/p>\n\n\n\n<p>Mientras algunos viven fuera de sus viviendas, los campesinos ya no pueden seguir con sus cultivos debido a que temen ser atacados por sus vecinos de Ocotepec, como ocurri\u00f3 este a\u00f1o contra dos habitantes y el a\u00f1o pasado contra tres, m\u00e1s algunas agresiones y amenazas contra otros que intentan seguir con sus jornadas.<\/p>\n\n\n\n<figure class=\"wp-block-embed is-type-rich is-provider-twitter wp-block-embed-twitter\"><div class=\"wp-block-embed__wrapper\">\n<div class=\"twitter-tweet\"><blockquote class=\"twitter-tweet\" data-lang=\"es\"><p lang=\"es\" dir=\"ltr\"><a href=\"https:\/\/twitter.com\/hashtag\/%C3%9AltimoMinuto?src=hash&amp;ref_src=twsrc%5Etfw\">#\u00daltimoMinuto<\/a><br>Siguen las quejas cotidianas contra el <a href=\"https:\/\/twitter.com\/GobOax?ref_src=twsrc%5Etfw\">@GobOax<\/a>.<br>Esta ma\u00f1ana habitantes de San Juan Juquila Mixe, llegan a la capital, para denunciar la omisi\u00f3n oficial, luego de seis a\u00f1os en que fueron desplazadas varias familias de la comunidad de Guadalupe Victoria. <a href=\"https:\/\/t.co\/cSiFhOFueV\">pic.twitter.com\/cSiFhOFueV<\/a><\/p>&mdash; Zona Roja Oaxaca (@ZonaRoja_Oaxaca) <a href=\"https:\/\/twitter.com\/ZonaRoja_Oaxaca\/status\/1666460166076743681?ref_src=twsrc%5Etfw\">7 de junio de 2023<\/a><\/blockquote><\/div>\n<\/div><\/figure>\n\n\n\n<p>POR CARGA A MORENA<\/p>\n\n\n\n<p>Por otra parte, integrantes del Consejo Comunitario de Abasto de San Jos\u00e9 del Chilar, en el municipio de San Juan Bautista Cuicatl\u00e1n, en la Sierra de Flores Mag\u00f3n, se manifestaron en instalaciones de la Segalmex para denunciar los actos irregulares de parte de funcionarios para beneficiar a Morena rumbo a la jornada electoral de 2024.<\/p>\n\n\n\n<p>El presidente del Consejo de El Chilar, Marco Garc\u00eda N\u00fa\u00f1ez, se\u00f1al\u00f3 que entre las irregularidades que han detectado es dejar sin guardia de seguridad las bodegas, mientras que los almacenes cada vez se encuentran con menos abasto.<\/p>\n\n\n\n<p>Adem\u00e1s, se registra el ingreso de nuevo personal sin ning\u00fan conocimiento en el programa, pero que por ser afines a Morena son colocados, como es el caso de Domingo San Pedro, en El Chilar.<\/p>\n\n\n\n<p>Los inconformes exigieron a las autoridades federales y estatales que dejen de utilizar el programa de abasto de productos con fines partidistas.<\/p>\n\n\n\n<p>En ese sentido demandaron a Alfredo Santiago, encargado de la gerencia de Diconsa en Oaxaca, a actuar con responsabilidad y no utilice este programa como bandera pol\u00edtica.<\/p>\n\n\n\n<p>ENTREGA DE RECURSOS<\/p>\n\n\n\n<p>A su vez, la comunidad de Santa Mar\u00eda Acaquizapan, de Santiago Chazumba, \u201ctom\u00f3\u201d el palacio municipal para demandar la atenci\u00f3n del gobierno de Oaxaca para que solucione la entrega de sus recursos p\u00fablicos del Ramo 33, fondo IV.<\/p>\n\n\n\n<p>Cansados de no recibir sus obras ni participaciones, los habitantes arribaron la noche de este martes al Palacio Municipal para denunciar los actos cometidos por el edil Efra\u00edn Bautista Garc\u00eda.<\/p>\n\n\n\n<figure class=\"wp-block-embed is-type-rich is-provider-twitter wp-block-embed-twitter\"><div class=\"wp-block-embed__wrapper\">\n<div class=\"twitter-tweet\"><blockquote class=\"twitter-tweet\" data-lang=\"es\"><p lang=\"es\" dir=\"ltr\">As\u00ed se encuentran las calles del Centro Hist\u00f3rico de la ciudad de <a href=\"https:\/\/twitter.com\/hashtag\/Oaxaca?src=hash&amp;ref_src=twsrc%5Etfw\">#Oaxaca<\/a>, en el primer d\u00eda de paro generalizado de labores y \u201cplant\u00f3n\u201d por parte de la Secci\u00f3n 22 del SNTE, para exigir al <a href=\"https:\/\/twitter.com\/GobOax?ref_src=twsrc%5Etfw\">@goboax<\/a> cumplimiento a su pliego petitorio. <a href=\"https:\/\/t.co\/3mVE5O8zTJ\">pic.twitter.com\/3mVE5O8zTJ<\/a><\/p>&mdash; Zona Roja Oaxaca (@ZonaRoja_Oaxaca) <a href=\"https:\/\/twitter.com\/ZonaRoja_Oaxaca\/status\/1666532385477853184?ref_src=twsrc%5Etfw\">7 de junio de 2023<\/a><\/blockquote><\/div>\n<\/div><\/figure>\n\n\n\n<p>CERCO DE SECCI\u00d3N 22<\/p>\n\n\n\n<p>Calles del Centro Hist\u00f3rico de Oaxaca bloqueadas, acordonamiento del Congreso de Oaxaca y \u201ctoma\u201d de la Caseta de peaje de Huitzo, son parte de la jornada de lucha que la Secci\u00f3n 22 del SNTE prepar\u00f3 para este mi\u00e9rcoles como parte del paro laboral de 72 horas.<\/p>\n\n\n\n<p>En busca de soluci\u00f3n a sus demandas laborales por parte del gobierno de Oaxaca, los trabajadores de la educaci\u00f3n se volvieron a apoderar de las calles del Centro Hist\u00f3rico y z\u00f3calo de la capital con la instalaci\u00f3n de su campamento.<\/p>\n\n\n\n<p>Aunque la presencia de los docentes es reducida durante el d\u00eda, las afectaciones son importantes para el sector comercial, pues, adem\u00e1s, el plant\u00f3n incluye la presencia de organizaciones que convocan a sus vendedores ambulantes a la instalaci\u00f3n de puestos.<\/p>\n","protected":false},"excerpt":{"rendered":"<p>Yuridiana Sosa\/Zona Roja. Oaxaca de Ju\u00e1rez, Oax., a 7 de junio de 2023.- &nbsp;Desplazados de&hellip;<\/p>\n","protected":false},"author":2,"featured_media":56175,"comment_status":"closed","ping_status":"open","sticky":false,"template":"","format":"standard","meta":{"_lmt_disableupdate":"","_lmt_disable":"","_jetpack_memberships_contains_paid_content":false,"footnotes":""},"categories":[109,47],"tags":[2264],"class_list":["post-56174","post","type-post","status-publish","format-standard","has-post-thumbnail","hentry","category-minuto-a-minuto","category-zona-gris","tag-bloqueos-y-protestas-oaxaca"],"jetpack_featured_media_url":"https:\/\/zonaroja.com.mx\/wp-content\/uploads\/2023\/06\/Protesta-Sam-Jose-El-Chilar-Segalmex.jpg","jetpack_sharing_enabled":true,"_links":{"self":[{"href":"https:\/\/zonaroja.com.mx\/index.php?rest_route=\/wp\/v2\/posts\/56174","targetHints":{"allow":["GET"]}}],"collection":[{"href":"https:\/\/zonaroja.com.mx\/index.php?rest_route=\/wp\/v2\/posts"}],"about":[{"href":"https:\/\/zonaroja.com.mx\/index.php?rest_route=\/wp\/v2\/types\/post"}],"author":[{"embeddable":true,"href":"https:\/\/zonaroja.com.mx\/index.php?rest_route=\/wp\/v2\/users\/2"}],"replies":[{"embeddable":true,"href":"https:\/\/zonaroja.com.mx\/index.php?rest_route=%2Fwp%2Fv2%2Fcomments&post=56174"}],"version-history":[{"count":1,"href":"https:\/\/zonaroja.com.mx\/index.php?rest_route=\/wp\/v2\/posts\/56174\/revisions"}],"predecessor-version":[{"id":56176,"href":"https:\/\/zonaroja.com.mx\/index.php?rest_route=\/wp\/v2\/posts\/56174\/revisions\/56176"}],"wp:featuredmedia":[{"embeddable":true,"href":"https:\/\/zonaroja.com.mx\/index.php?rest_route=\/wp\/v2\/media\/56175"}],"wp:attachment":[{"href":"https:\/\/zonaroja.com.mx\/index.php?rest_route=%2Fwp%2Fv2%2Fmedia&parent=56174"}],"wp:term":[{"taxonomy":"category","embeddable":true,"href":"https:\/\/zonaroja.com.mx\/index.php?rest_route=%2Fwp%2Fv2%2Fcategories&post=56174"},{"taxonomy":"post_tag","embeddable":true,"href":"https:\/\/zonaroja.com.mx\/index.php?rest_route=%2Fwp%2Fv2%2Ftags&post=56174"}],"curies":[{"name":"wp","href":"https:\/\/api.w.org\/{rel}","templated":true}]}}