{"id":56180,"date":"2023-06-07T23:07:40","date_gmt":"2023-06-08T04:07:40","guid":{"rendered":"http:\/\/www.zonaroja.com.mx\/?p=56180"},"modified":"2023-06-07T23:07:42","modified_gmt":"2023-06-08T04:07:42","slug":"el-ejecutado-a-balazos-del-dia-en-jamiltepec-oaxaca","status":"publish","type":"post","link":"https:\/\/zonaroja.com.mx\/?p=56180","title":{"rendered":"El ejecutado a balazos del d\u00eda: en Jamiltepec, Oaxaca"},"content":{"rendered":"\n<p>Redacci\u00f3n\/Zona Roja.<\/p>\n\n\n\n<p>Oaxaca de Ju\u00e1rez, Oax., a 7 de junio de 2023.- De al menos una docena de impactos de arma de fuego fue asesinada una persona del sexo masculino, en Santiago Jamiltepec, municipio de la regi\u00f3n Costa de Oaxaca.<\/p>\n\n\n\n<p>El crimen se perpetr\u00f3 poco despu\u00e9s del mediod\u00eda, en la calle Benito Ju\u00e1rez, cerca de la carretera federal 200, en contra de Juan R. N., conocido con el mote de \u201cJuan Pinto\u201d.<\/p>\n\n\n\n<p>Sus agresores presuntamente viajaban a bordo de un veh\u00edculo de motor, en el cual huyeron de inmediato de la zona por lo que hasta esta noche no hay ninguna persona detenida.<\/p>\n\n\n\n<p>Personal de la Vicefiscal\u00eda Regional de la Costa, dependiente de la Fiscal\u00eda General del Estado, inici\u00f3 las investigaciones correspondientes, para dar con los responsables del homicidio doloso.<\/p>\n","protected":false},"excerpt":{"rendered":"<p>Redacci\u00f3n\/Zona Roja. Oaxaca de Ju\u00e1rez, Oax., a 7 de junio de 2023.- De al menos&hellip;<\/p>\n","protected":false},"author":2,"featured_media":18321,"comment_status":"closed","ping_status":"open","sticky":false,"template":"","format":"standard","meta":{"_lmt_disableupdate":"","_lmt_disable":"","_jetpack_memberships_contains_paid_content":false,"footnotes":""},"categories":[109,51],"tags":[797],"class_list":["post-56180","post","type-post","status-publish","format-standard","has-post-thumbnail","hentry","category-minuto-a-minuto","category-zona-roja","tag-santiago-jamiltepec"],"jetpack_featured_media_url":"https:\/\/zonaroja.com.mx\/wp-content\/uploads\/2020\/10\/Escena-del-crimen1.jpg","jetpack_sharing_enabled":true,"_links":{"self":[{"href":"https:\/\/zonaroja.com.mx\/index.php?rest_route=\/wp\/v2\/posts\/56180","targetHints":{"allow":["GET"]}}],"collection":[{"href":"https:\/\/zonaroja.com.mx\/index.php?rest_route=\/wp\/v2\/posts"}],"about":[{"href":"https:\/\/zonaroja.com.mx\/index.php?rest_route=\/wp\/v2\/types\/post"}],"author":[{"embeddable":true,"href":"https:\/\/zonaroja.com.mx\/index.php?rest_route=\/wp\/v2\/users\/2"}],"replies":[{"embeddable":true,"href":"https:\/\/zonaroja.com.mx\/index.php?rest_route=%2Fwp%2Fv2%2Fcomments&post=56180"}],"version-history":[{"count":1,"href":"https:\/\/zonaroja.com.mx\/index.php?rest_route=\/wp\/v2\/posts\/56180\/revisions"}],"predecessor-version":[{"id":56181,"href":"https:\/\/zonaroja.com.mx\/index.php?rest_route=\/wp\/v2\/posts\/56180\/revisions\/56181"}],"wp:featuredmedia":[{"embeddable":true,"href":"https:\/\/zonaroja.com.mx\/index.php?rest_route=\/wp\/v2\/media\/18321"}],"wp:attachment":[{"href":"https:\/\/zonaroja.com.mx\/index.php?rest_route=%2Fwp%2Fv2%2Fmedia&parent=56180"}],"wp:term":[{"taxonomy":"category","embeddable":true,"href":"https:\/\/zonaroja.com.mx\/index.php?rest_route=%2Fwp%2Fv2%2Fcategories&post=56180"},{"taxonomy":"post_tag","embeddable":true,"href":"https:\/\/zonaroja.com.mx\/index.php?rest_route=%2Fwp%2Fv2%2Ftags&post=56180"}],"curies":[{"name":"wp","href":"https:\/\/api.w.org\/{rel}","templated":true}]}}