{"id":56182,"date":"2023-06-08T07:56:03","date_gmt":"2023-06-08T12:56:03","guid":{"rendered":"http:\/\/www.zonaroja.com.mx\/?p=56182"},"modified":"2023-06-08T07:56:07","modified_gmt":"2023-06-08T12:56:07","slug":"registran-veracruz-chihuahua-y-nl-14-crimenes-durante-el-miercoles","status":"publish","type":"post","link":"https:\/\/zonaroja.com.mx\/?p=56182","title":{"rendered":"Registran Veracruz, Chihuahua y NL 14 cr\u00edmenes durante el mi\u00e9rcoles"},"content":{"rendered":"\n<p>Redacci\u00f3n\/Zona Roja Cdmx.<\/p>\n\n\n\n<p>Ciudad de M\u00e9xico, a 8 de junio de 2023.- Al menos 14 personas fueron asesinadas a balazos en tres eventos ocurridos este mi\u00e9rcoles en los estados de Veracruz, Chihuahua y Nuevo Le\u00f3n.<\/p>\n\n\n\n<p>Anoche, en un predio ubicado en la comunidad de Sierra de Agua, del municipio veracruzano de Perote, se registr\u00f3 una ejecuci\u00f3n m\u00faltiple de siete personas.<\/p>\n\n\n\n<p>De acuerdo con informaci\u00f3n de Infobae y de \u201cMilenio\u201d, hasta el momento s\u00f3lo cuatro de las v\u00edctimas han sido identificadas: Tom\u00e1s, de 58 a\u00f1os; Teresa, de 58; Francisco, de 28; y Tom\u00e1s, de 28. Aparentemente, eran familiares.&nbsp;<\/p>\n\n\n\n<p>Las otras v\u00edctimas fueron trasladadas a la Direcci\u00f3n General de Servicios Periciales, en la capital del estado. Por ahora, se desconoce el motivo por el cual se habr\u00edan cometido los asesinatos y no se han informado detenciones respecto a este acontecimiento.<\/p>\n\n\n\n<p>EN CHIHUAHUA<\/p>\n\n\n\n<p>Tambi\u00e9n anoche pero en el poblado de Chuhuichupa, en el municipio de Madera, estado de Chihuahua, se registr\u00f3 un enfrentamiento entre grupos delictivos y polic\u00edas.<\/p>\n\n\n\n<p>De acuerdo con lo que inform\u00f3 la Fiscal\u00eda General del Estado (FGE). sobre el camino que conduce de Chuhuichupa a la Norte\u00f1a, a una distancia de un kil\u00f3metro, se localizaron cartuchos percutidos de diversos calibres, as\u00ed como un campamento con parapetos de piedra.<\/p>\n\n\n\n<p>Seg\u00fan datos de \u201cEl Universal\u201d, en ese lugar se localiz\u00f3 primeramente un masculino sin vida, de identidad desconocida, con heridas de arma de fuego, de 40 a\u00f1os aproximadamente, con vestimenta camuflajeada y chaleco t\u00e1ctico.<\/p>\n\n\n\n<p>A unos 30 metros de distancia, sobre parapetos de piedra, se ubicaron cuatro cuerpos de personas del sexo masculino sin identificar, con heridas de arma de fuego, vestimenta t\u00e1ctica. De edades aproximada de 39 a 45 a\u00f1os aproximadamente.<\/p>\n\n\n\n<p>EN NUEVO LE\u00d3N<\/p>\n\n\n\n<p>En tanto, seg\u00fan una publicaci\u00f3n de \u201cMilenio\u201d, un enfrentamiento entre elementos de Fuerza Civil&nbsp;y personas armadas dej\u00f3 un saldo de dos criminales abatidos en una zona despoblada en el municipio de An\u00e1huac, Nuevo Le\u00f3n.<\/p>\n\n\n\n<p>A trav\u00e9s publicaci\u00f3n en redes sociales, el secretario de Seguridad P\u00fablica del Estado de Nuevo Le\u00f3n, Gerardo Palacios P\u00e1manes, inform\u00f3 del hecho que dej\u00f3 tambi\u00e9n a cuatro personas detenidas.<\/p>\n","protected":false},"excerpt":{"rendered":"<p>Redacci\u00f3n\/Zona Roja Cdmx. Ciudad de M\u00e9xico, a 8 de junio de 2023.- Al menos 14&hellip;<\/p>\n","protected":false},"author":2,"featured_media":56183,"comment_status":"closed","ping_status":"open","sticky":false,"template":"","format":"standard","meta":{"_lmt_disableupdate":"","_lmt_disable":"","_jetpack_memberships_contains_paid_content":false,"footnotes":""},"categories":[109,51],"tags":[1746],"class_list":["post-56182","post","type-post","status-publish","format-standard","has-post-thumbnail","hentry","category-minuto-a-minuto","category-zona-roja","tag-violencia-en-mexico"],"jetpack_featured_media_url":"https:\/\/zonaroja.com.mx\/wp-content\/uploads\/2023\/06\/Asesinados-Perote-Veracruz.jpeg","jetpack_sharing_enabled":true,"_links":{"self":[{"href":"https:\/\/zonaroja.com.mx\/index.php?rest_route=\/wp\/v2\/posts\/56182","targetHints":{"allow":["GET"]}}],"collection":[{"href":"https:\/\/zonaroja.com.mx\/index.php?rest_route=\/wp\/v2\/posts"}],"about":[{"href":"https:\/\/zonaroja.com.mx\/index.php?rest_route=\/wp\/v2\/types\/post"}],"author":[{"embeddable":true,"href":"https:\/\/zonaroja.com.mx\/index.php?rest_route=\/wp\/v2\/users\/2"}],"replies":[{"embeddable":true,"href":"https:\/\/zonaroja.com.mx\/index.php?rest_route=%2Fwp%2Fv2%2Fcomments&post=56182"}],"version-history":[{"count":1,"href":"https:\/\/zonaroja.com.mx\/index.php?rest_route=\/wp\/v2\/posts\/56182\/revisions"}],"predecessor-version":[{"id":56184,"href":"https:\/\/zonaroja.com.mx\/index.php?rest_route=\/wp\/v2\/posts\/56182\/revisions\/56184"}],"wp:featuredmedia":[{"embeddable":true,"href":"https:\/\/zonaroja.com.mx\/index.php?rest_route=\/wp\/v2\/media\/56183"}],"wp:attachment":[{"href":"https:\/\/zonaroja.com.mx\/index.php?rest_route=%2Fwp%2Fv2%2Fmedia&parent=56182"}],"wp:term":[{"taxonomy":"category","embeddable":true,"href":"https:\/\/zonaroja.com.mx\/index.php?rest_route=%2Fwp%2Fv2%2Fcategories&post=56182"},{"taxonomy":"post_tag","embeddable":true,"href":"https:\/\/zonaroja.com.mx\/index.php?rest_route=%2Fwp%2Fv2%2Ftags&post=56182"}],"curies":[{"name":"wp","href":"https:\/\/api.w.org\/{rel}","templated":true}]}}