{"id":56185,"date":"2023-06-08T11:30:00","date_gmt":"2023-06-08T16:30:00","guid":{"rendered":"http:\/\/www.zonaroja.com.mx\/?p=56185"},"modified":"2023-06-08T08:02:39","modified_gmt":"2023-06-08T13:02:39","slug":"la-suprema-corte-y-el-tribunal-electoral-dan-sendos-reveses-a-amlo","status":"publish","type":"post","link":"https:\/\/zonaroja.com.mx\/?p=56185","title":{"rendered":"La Suprema Corte y el Tribunal Electoral dan sendos reveses a AMLO"},"content":{"rendered":"\n<p>Redacci\u00f3n\/Zona Roja Cdmx.<\/p>\n\n\n\n<p>Ciudad de M\u00e9xico, a 8 de junio de 2023.- La Segunda Sala de la Suprema Corte de Justicia de la Naci\u00f3n (SCJN) confirm\u00f3 que se mantendr\u00e1 la suspensi\u00f3n de la segunda parte del \u201cPlan B\u201d a la reforma electoral, luego de que el Poder Ejecutivo y Legislativo presentar\u00e1n recursos para impugnar la decisi\u00f3n de la Sala Superior.<\/p>\n\n\n\n<p>Durante la sesi\u00f3n de este mi\u00e9rcoles 7 de junio, los ministros desecharon los recursos presentados por la Presidencia de la Rep\u00fablica, la C\u00e1mara de Diputados y el Senado de la Rep\u00fablica en contra de la admisi\u00f3n que realiz\u00f3 el M\u00e1ximo Tribunal a la demanda que present\u00f3 el Instituto Nacional Electoral (INE) y la suspensi\u00f3n que se dio a dicho tr\u00e1mite.<\/p>\n\n\n\n<p>La ministra Yasm\u00edn Esquivel propuso desechar la controversia constitucional con el fin de que las reformas se mantuvieran vigentes; sin embargo, su propuesta solamente fue respaldada por la ministra Loretta Ortiz. En tanto, los ministros Luis Mar\u00eda Aguilar, Javier Laynez Potisek y Alberto P\u00e9rez Day\u00e1n votaron en contra del proyecto.<\/p>\n\n\n\n<p>Posterior a la propuesta de la ministra Esquivel Mossa, Aguilar Morales levant\u00f3 la mano para nuevamente hacerse cargo del proyecto y as\u00ed desechar las reclamaciones y confirmar la admisi\u00f3n de la controversia del INE, adem\u00e1s de la suspensi\u00f3n de la segunda parte del \u201cPlan B\u201d, misma que fue aprobada.<\/p>\n\n\n\n<p>Conviene destacar que lo \u00fanico que determinado la SCJN sobre la segunda parte del \u201cPlan B\u201d es la suspensi\u00f3n, pues que a\u00fan falta la discusi\u00f3n a fondo para determinar si se invalida o no las reformas que aprobaron las dos c\u00e1maras del Congreso de la Uni\u00f3n, tal como pas\u00f3 con el primer paquete de cambios; no obstante, a\u00fan no hay fecha para esto.<\/p>\n\n\n\n<p>Fue el pasado 8 de mayo cuando los ministros de la Suprema Corte de Justicia de la Naci\u00f3n declar\u00f3 la invalidez de la primera fracci\u00f3n de reformas del \u201cPlan B\u201d, luego de que se consiguieron nueve votos a favor para tomar dicha decisi\u00f3n. Yasm\u00edn Esquivel y Loretta Ortiz fueron las que se opusieron.<\/p>\n\n\n\n<p>RATIFICA AMONESTACI\u00d3N<\/p>\n\n\n\n<p>Por otra parte, por incumplir la medida cautelar de eliminar fragmentos de \u201cLa Ma\u00f1anera\u201d del 27 de marzo de 2023, el Tribunal Electoral del Poder Judicial de la Federaci\u00f3n (TEPJF) confirm\u00f3 este mi\u00e9rcoles la validez de la amonestaci\u00f3n p\u00fablica determinada por el Instituto Nacional Electoral (INE) contra el presidente Andr\u00e9s Manuel L\u00f3pez Obrador.<\/p>\n\n\n\n<p>Con cuatro votos a favor y dos en contra, el Pleno de la Sala Superior consider\u00f3 que la sanci\u00f3n en el recurso SUB-REP-64\/2023 fue correcta, pues el \u00f3rgano electoral valor\u00f3 las documentales ofrecidas y determin\u00f3 que los materiales segu\u00edan visibles en el canal oficial de YouTube.<\/p>\n\n\n\n<p>\u201c(El INE puede) imponer las medidas de apremio que estime pertinentes, y que se encuentren previstas en el reglamento del Instituto\u201d, dice el proyecto del magistrado presidente, Reyes Rodr\u00edguez Mondrag\u00f3n.<\/p>\n\n\n\n<p>Y es que el INE, a trav\u00e9s de la Unidad T\u00e9cnica de lo Contencioso Electoral, hab\u00eda ordenado a AMLO, por medio de la adopci\u00f3n de una medida cautelar, que eliminara contenido de la referida conferencia matutina en Palacio Nacional, al considerar que pod\u00edan tener un impacto en las elecciones en curso en ese momento del Estado de M\u00e9xico y de Coahuila.<\/p>\n\n\n\n<p>\u201cHay un \u2018Plan C\u2019, que no est\u00e9n pensando que ya se termin\u00f3 todo: que no se vote por el bloque conservador. Para que siga la transformaci\u00f3n, ni un voto a los conservadores; s\u00ed a la transformaci\u00f3n. Ese es el \u2018Plan C\u2019\u201d, dijo el presidente en dicha conferencia.<\/p>\n\n\n\n<p>(Informaci\u00f3n de Infobae M\u00e9xico)<\/p>\n","protected":false},"excerpt":{"rendered":"<p>Redacci\u00f3n\/Zona Roja Cdmx. Ciudad de M\u00e9xico, a 8 de junio de 2023.- La Segunda Sala&hellip;<\/p>\n","protected":false},"author":2,"featured_media":56186,"comment_status":"closed","ping_status":"open","sticky":false,"template":"","format":"standard","meta":{"_lmt_disableupdate":"","_lmt_disable":"","_jetpack_memberships_contains_paid_content":false,"footnotes":""},"categories":[109,47],"tags":[143],"class_list":["post-56185","post","type-post","status-publish","format-standard","has-post-thumbnail","hentry","category-minuto-a-minuto","category-zona-gris","tag-andres-manuel-lopez-obrador"],"jetpack_featured_media_url":"https:\/\/zonaroja.com.mx\/wp-content\/uploads\/2023\/06\/Andres-Manuel-Lopez-Obrador.jpeg","jetpack_sharing_enabled":true,"_links":{"self":[{"href":"https:\/\/zonaroja.com.mx\/index.php?rest_route=\/wp\/v2\/posts\/56185","targetHints":{"allow":["GET"]}}],"collection":[{"href":"https:\/\/zonaroja.com.mx\/index.php?rest_route=\/wp\/v2\/posts"}],"about":[{"href":"https:\/\/zonaroja.com.mx\/index.php?rest_route=\/wp\/v2\/types\/post"}],"author":[{"embeddable":true,"href":"https:\/\/zonaroja.com.mx\/index.php?rest_route=\/wp\/v2\/users\/2"}],"replies":[{"embeddable":true,"href":"https:\/\/zonaroja.com.mx\/index.php?rest_route=%2Fwp%2Fv2%2Fcomments&post=56185"}],"version-history":[{"count":1,"href":"https:\/\/zonaroja.com.mx\/index.php?rest_route=\/wp\/v2\/posts\/56185\/revisions"}],"predecessor-version":[{"id":56187,"href":"https:\/\/zonaroja.com.mx\/index.php?rest_route=\/wp\/v2\/posts\/56185\/revisions\/56187"}],"wp:featuredmedia":[{"embeddable":true,"href":"https:\/\/zonaroja.com.mx\/index.php?rest_route=\/wp\/v2\/media\/56186"}],"wp:attachment":[{"href":"https:\/\/zonaroja.com.mx\/index.php?rest_route=%2Fwp%2Fv2%2Fmedia&parent=56185"}],"wp:term":[{"taxonomy":"category","embeddable":true,"href":"https:\/\/zonaroja.com.mx\/index.php?rest_route=%2Fwp%2Fv2%2Fcategories&post=56185"},{"taxonomy":"post_tag","embeddable":true,"href":"https:\/\/zonaroja.com.mx\/index.php?rest_route=%2Fwp%2Fv2%2Ftags&post=56185"}],"curies":[{"name":"wp","href":"https:\/\/api.w.org\/{rel}","templated":true}]}}