{"id":56194,"date":"2023-06-08T12:27:00","date_gmt":"2023-06-08T17:27:00","guid":{"rendered":"http:\/\/www.zonaroja.com.mx\/?p=56194"},"modified":"2023-06-08T08:30:22","modified_gmt":"2023-06-08T13:30:22","slug":"opinion-el-laberinto-de-la-sucesion","status":"publish","type":"post","link":"https:\/\/zonaroja.com.mx\/?p=56194","title":{"rendered":"Opini\u00f3n. El laberinto de la sucesi\u00f3n"},"content":{"rendered":"\n<p>N\u00e9stor Y. S\u00e1nchez Islas<\/p>\n\n\n\n<p>A partir del lunes inici\u00f3 formalmente el proceso que nos llevar\u00e1 a la elecci\u00f3n presidencial de 2024. Por la importancia del hecho, el tema ser\u00e1 obligatorio a\u00fan despu\u00e9s de concluido el proceso el a\u00f1o entrante.<\/p>\n\n\n\n<p>El Presidente L\u00f3pez Obrador tiene, en apariencia, el control absoluto de su sucesi\u00f3n, sin embargo, la historia ha demostrado una y otra vez que no basta con creer ser el due\u00f1o de todas las canicas, siempre hay factores de \u00faltimo momento que alteran la decisi\u00f3n.<\/p>\n\n\n\n<p>La sucesi\u00f3n es tan importante como una bocanada de aire fresco para un moribundo. Lo ideal ser\u00edan cuatro a\u00f1os, un sexenio es demasiado largo de soportar, sobre todo cuando el presidente en turno se convierte en una pesadilla.<\/p>\n\n\n\n<p>Somos un pueblo muy politizado, pero con muy escasa cultura pol\u00edtica,&nbsp;que es ventajosamente aprovechado&nbsp;para prometer, mentir y comprar votos.<\/p>\n\n\n\n<p>El Presidente Obrador tiende a compararse con L\u00e1zaro C\u00e1rdenas y puso como ejemplo la elecci\u00f3n del candidato en las elecciones de 1940. En ese entonces, mucha gente crey\u00f3 que C\u00e1rdenas elegir\u00eda a Francisco J. M\u00fajica con el candidato oficial. Era m\u00e1s radical que \u00e9l y, como el mismo C\u00e1rdenas lo reconoci\u00f3 a\u00f1os despu\u00e9s, era el menos apropiado&nbsp;por&nbsp;la situaci\u00f3n tan&nbsp;dividida&nbsp;en que se encontraba el pa\u00eds, una divisi\u00f3n provocada por el mismo C\u00e1rdenas y sus pol\u00edticas populista-socialistas. Hoy se piensa que Claudia Sheinbaum ser\u00e1 la elegida, sin&nbsp;embargo,&nbsp;el nivel de polarizaci\u00f3n ha que ha llevado al pa\u00eds el presidente L\u00f3pez&nbsp;Obrador&nbsp;hace&nbsp;pensar que podr\u00eda cambiar de decisi\u00f3n&nbsp;s\u00ed&nbsp;lo iluminara un poco de sensatez ante el encono nacional.<\/p>\n\n\n\n<p>La elecci\u00f3n de 1940 fue una elecci\u00f3n de Estado. El aparato oficial se lanz\u00f3 en apoyo de Manuel \u00c1vila Camacho ante el avance incontenible&nbsp;y popularidad&nbsp;de Juan Andrew Almaz\u00e1n. Adem\u00e1s del fraude electoral hubo una matanza el d\u00eda de la elecci\u00f3n. La historia ha sido muy amable con L\u00e1zaro C\u00e1rdenas, pero los muertos&nbsp;y el fraude&nbsp;son de \u00e9l. El resultado le dio al candidato oficial el 93% de los votos, a Almaz\u00e1n apenas el 5%. De ese tama\u00f1o la mentira que, penosamente, corremos el riesgo de&nbsp;volver a vivir ante la necedad de imponer su cacareada \u201ctransformaci\u00f3n\u201d.<\/p>\n\n\n\n<p>En elecciones&nbsp;posteriores tambi\u00e9n&nbsp;se dieron conflictos, los m\u00e1s graves surgidos&nbsp;siempre de la ruptura del propio equipo gobernante&nbsp;ante la inconformidad contra el candidato elegido por&nbsp;el&nbsp;presidente. Miguel Alem\u00e1n termin\u00f3 enfrentado con Ezequiel Padilla, su propio secretario de Relaciones Exteriores y quien crey\u00f3 ser\u00eda el candidato oficial. Ya desde entonces se hablaba de la traici\u00f3n, por parte de Alem\u00e1n, a la Revoluci\u00f3n mexicana puesto que la utop\u00eda cardenista segu\u00eda vigente y Miguel Alem\u00e1n impuls\u00f3 las inversiones y capitales privados.<\/p>\n\n\n\n<p>La elecci\u00f3n de 1952 no tuvo tantos problemas para el PRI. Adolfo Ru\u00edz Cortines contendi\u00f3 con Efra\u00edn Gonz\u00e1lez Luna, del PAN, Vicente Lombardo Toledano del Partido Popular y, el rival m\u00e1s fuerte volvi\u00f3 a surgir del mismo oficialismo: Miguel&nbsp;Henr\u00edquez Guzm\u00e1n, a quien tambi\u00e9n se tiene casi la certeza le hicieron fraude electoral.<\/p>\n\n\n\n<p>Ru\u00edz Cortines tuvo como candidato a Adolfo L\u00f3pez Mateos. Fue el primero que, oficialmente, recibi\u00f3 la denominaci\u00f3n de \u201ctapado\u201d. Asumi\u00f3 el poder rodeado de una aureola de popularidad. Resultaba atractivo con las mujeres, era conciliador y buen orador. <\/p>\n\n\n\n<p>L\u00f3pez Mateos eligi\u00f3 como tapado a Gustavo D\u00edaz Ordaz, quien era su\u00a0secretario\u00a0de Gobernaci\u00f3n y que gobern\u00f3 desde la sombra\u00a0desde\u00a0el gobierno de L\u00f3pez Mateos\u00a0debido a las aventuras de su jefe, sus paseos y sus largos periodos de postraci\u00f3n debido a su mala salud.L\u00f3pez Mateos fue un hombre apuesto; D\u00edaz Ordaz todo lo contrario, pero ambos autoritarios.<\/p>\n\n\n\n<p>D\u00edaz Ordaz eligi\u00f3 a Luis Echeverr\u00eda, el primer tecn\u00f3crata en acceder a la silla imperial de la presidencia. A diferencia de todos los presidente anteriores, Echeverr\u00eda nunca&nbsp;hab\u00eda tenido un puesto de elecci\u00f3n popular.&nbsp;Las sucesiones de 1964 y 1970 se definieron por el nivel de servilismo del tapado haciasu jefe, no por su capacidad. Estamos en un momento similar.&nbsp;Todas las corcholatas se pelean&nbsp;todos los d\u00edas por mostrarse d\u00f3ciles y serviles hasta la ignominia.<\/p>\n\n\n\n<p>No le ser\u00e1 f\u00e1cil elegir a su candidato. Ya empez\u00f3 el presidente a reconocer sus fracasos,&nbsp;aceptar&nbsp;que no existen los otros datos, la realidad lo alcanz\u00f3, aunque sigue tratando de culpar al pasado. Echeverr\u00eda culp\u00f3 a \u201clos emisarios del pasado\u201d, Obrador a la \u201cherencia que le dejaron\u201d.&nbsp;En todo caso,&nbsp;\u00bfQu\u00e9 herencia&nbsp;dejar\u00e1 este presidente a su sucesor?&nbsp;<\/p>\n\n\n\n<p>Tal vez su herencia real sea el desmoronamiento de su partido, Morena, una vez que ya no le sirva. Al dejar la presidencia es probable que, as\u00ed tan r\u00e1pido como lleg\u00f3, tambi\u00e9n se vaya. El partido es \u00e9l, el camino es \u00e9l.<\/p>\n\n\n\n<p>Quiz\u00e1&nbsp;no signifiquen&nbsp;nada para \u00e9l, pero las marchas masivas&nbsp;en defensa del INE y de la Suprema Corte sean el factor que m\u00e1s peso tengan&nbsp;para tomar&nbsp;su decisi\u00f3n: abonar a la unidad nacional o llevar a M\u00e9xico a una guerra civil con alguien m\u00e1s radical que \u00e9l.<\/p>\n\n\n\n<p><a href=\"mailto:nestoryuri@yahoo.com\">nestoryuri@yahoo.com<\/a><\/p>\n","protected":false},"excerpt":{"rendered":"<p>N\u00e9stor Y. S\u00e1nchez Islas A partir del lunes inici\u00f3 formalmente el proceso que nos llevar\u00e1&hellip;<\/p>\n","protected":false},"author":2,"featured_media":41861,"comment_status":"closed","ping_status":"open","sticky":false,"template":"","format":"standard","meta":{"_lmt_disableupdate":"","_lmt_disable":"","_jetpack_memberships_contains_paid_content":false,"footnotes":""},"categories":[456,109],"tags":[3050],"class_list":["post-56194","post","type-post","status-publish","format-standard","has-post-thumbnail","hentry","category-columna","category-minuto-a-minuto","tag-nestor-yuri-sanchez"],"jetpack_featured_media_url":"https:\/\/zonaroja.com.mx\/wp-content\/uploads\/2022\/05\/Opinion-Nestor-Yuri-Sanchez-Islas.jpg","jetpack_sharing_enabled":true,"_links":{"self":[{"href":"https:\/\/zonaroja.com.mx\/index.php?rest_route=\/wp\/v2\/posts\/56194","targetHints":{"allow":["GET"]}}],"collection":[{"href":"https:\/\/zonaroja.com.mx\/index.php?rest_route=\/wp\/v2\/posts"}],"about":[{"href":"https:\/\/zonaroja.com.mx\/index.php?rest_route=\/wp\/v2\/types\/post"}],"author":[{"embeddable":true,"href":"https:\/\/zonaroja.com.mx\/index.php?rest_route=\/wp\/v2\/users\/2"}],"replies":[{"embeddable":true,"href":"https:\/\/zonaroja.com.mx\/index.php?rest_route=%2Fwp%2Fv2%2Fcomments&post=56194"}],"version-history":[{"count":1,"href":"https:\/\/zonaroja.com.mx\/index.php?rest_route=\/wp\/v2\/posts\/56194\/revisions"}],"predecessor-version":[{"id":56195,"href":"https:\/\/zonaroja.com.mx\/index.php?rest_route=\/wp\/v2\/posts\/56194\/revisions\/56195"}],"wp:featuredmedia":[{"embeddable":true,"href":"https:\/\/zonaroja.com.mx\/index.php?rest_route=\/wp\/v2\/media\/41861"}],"wp:attachment":[{"href":"https:\/\/zonaroja.com.mx\/index.php?rest_route=%2Fwp%2Fv2%2Fmedia&parent=56194"}],"wp:term":[{"taxonomy":"category","embeddable":true,"href":"https:\/\/zonaroja.com.mx\/index.php?rest_route=%2Fwp%2Fv2%2Fcategories&post=56194"},{"taxonomy":"post_tag","embeddable":true,"href":"https:\/\/zonaroja.com.mx\/index.php?rest_route=%2Fwp%2Fv2%2Ftags&post=56194"}],"curies":[{"name":"wp","href":"https:\/\/api.w.org\/{rel}","templated":true}]}}