{"id":5620,"date":"2019-11-10T19:21:29","date_gmt":"2019-11-11T01:21:29","guid":{"rendered":"http:\/\/www.zonaroja.com.mx\/?p=5620"},"modified":"2019-11-10T19:21:33","modified_gmt":"2019-11-11T01:21:33","slug":"termina-en-violencia-eleccion-de-autoridades-en-san-agustin-de-las-juntas","status":"publish","type":"post","link":"https:\/\/zonaroja.com.mx\/?p=5620","title":{"rendered":"Termina en violencia elecci\u00f3n de autoridades en San Agust\u00edn de las Juntas"},"content":{"rendered":"\n<p>Redacci\u00f3n\/Zona\nRoja.<\/p>\n\n\n\n<p>Oaxaca\nde Ju\u00e1rez, Oax., 10 de noviembre de 2019.- A sillazos y con algunos\ndescalabrados termin\u00f3 la asamblea de elecci\u00f3n de autoridades municipales en San\nAgust\u00edn de las Juntas, municipio conurbado al sur de la ciudad de Oaxaca.<\/p>\n\n\n\n<p>La\nasamblea se desarroll\u00f3 a partir de las 09:00 horas, mediante usos y costumbres,\nconocido formalmente como R\u00e9gimen Normativos Internos.<\/p>\n\n\n\n<p>Sin embargo, diferencias en las votaciones origin\u00f3 despu\u00e9s del mediod\u00eda hechos violentos entre seguidores de los candidatos Javier Fabi\u00e1n Mej\u00eda y Celso P\u00e9rez Torres, este \u00faltimo que se declar\u00f3 ganador.<\/p>\n\n\n\n<figure class=\"wp-block-embed-twitter wp-block-embed is-type-rich is-provider-twitter\"><div class=\"wp-block-embed__wrapper\">\n<div class=\"twitter-tweet\"><blockquote class=\"twitter-tweet\" data-lang=\"es\"><p lang=\"es\" dir=\"ltr\"><a href=\"https:\/\/twitter.com\/hashtag\/OaxacaGris?src=hash&amp;ref_src=twsrc%5Etfw\">#OaxacaGris<\/a><br>A cinco d\u00edas del Tercer Informe del gobernador <a href=\"https:\/\/twitter.com\/alejandromurat?ref_src=twsrc%5Etfw\">@alejandromurat<\/a>, los conflictos crecen en la entidad. Este mediod\u00eda se desat\u00f3 un zafarrancho en San Agust\u00edn de las Juntas, al sur de la capital, con saldo de varias personas lesionadas. <a href=\"https:\/\/t.co\/yVKtpawXCK\">pic.twitter.com\/yVKtpawXCK<\/a><\/p>&mdash; Zona Roja Oaxaca (@MexRoja) <a href=\"https:\/\/twitter.com\/MexRoja\/status\/1193649178288836609?ref_src=twsrc%5Etfw\">10 de noviembre de 2019<\/a><\/blockquote><\/div>\n<\/div><\/figure>\n\n\n\n<p>Bajo\nla supuesta compra de votos, seguidores de Celso P\u00e9rez intentaron agredir a las\nautoridades municipales, mientras en la asamblea comenzaron los golpes y los\nsillazos, originando algunos lesionados leves.<\/p>\n\n\n\n<p>Tras ello, el edil Tom\u00e1s P\u00e9rez L\u00f3pez se retir\u00f3 del lugar sin declarar formalmente al ganador de la contienda y en cambio decretar suspensi\u00f3n de la asamblea. Al cierre del proceso, Celso P\u00e9rez Torres llevaba mil 92 votos mientras que Javier Fabi\u00e1n 774.<\/p>\n\n\n\n<p>El pasado 20 de octubre ya se hab\u00edan suspendido las elecciones, debido tambi\u00e9n a presuntas irregularidades denunciadas por los contendientes.<\/p>\n\n\n\n<figure class=\"wp-block-image\"><img decoding=\"async\" width=\"640\" height=\"480\" src=\"http:\/\/www.zonaroja.com.mx\/wp-content\/uploads\/2019\/11\/San-Agust\u00edn-de-las-Juntas-2.png\" alt=\"\" class=\"wp-image-5622\" srcset=\"https:\/\/zonaroja.com.mx\/wp-content\/uploads\/2019\/11\/San-Agust\u00edn-de-las-Juntas-2.png 640w, https:\/\/zonaroja.com.mx\/wp-content\/uploads\/2019\/11\/San-Agust\u00edn-de-las-Juntas-2-300x225.png 300w, https:\/\/zonaroja.com.mx\/wp-content\/uploads\/2019\/11\/San-Agust\u00edn-de-las-Juntas-2-585x439.png 585w\" sizes=\"(max-width: 640px) 100vw, 640px\" \/><\/figure>\n","protected":false},"excerpt":{"rendered":"<p>Redacci\u00f3n\/Zona Roja. Oaxaca de Ju\u00e1rez, Oax., 10 de noviembre de 2019.- A sillazos y con&hellip;<\/p>\n","protected":false},"author":2,"featured_media":5621,"comment_status":"closed","ping_status":"open","sticky":false,"template":"","format":"standard","meta":{"_lmt_disableupdate":"","_lmt_disable":"","_jetpack_memberships_contains_paid_content":false,"footnotes":""},"categories":[109,47],"tags":[743],"class_list":["post-5620","post","type-post","status-publish","format-standard","has-post-thumbnail","hentry","category-minuto-a-minuto","category-zona-gris","tag-san-agustin-de-las-juntas"],"jetpack_featured_media_url":"https:\/\/zonaroja.com.mx\/wp-content\/uploads\/2019\/11\/San-Agust\u00edn-de-las-Juntas-1.png","jetpack_sharing_enabled":true,"_links":{"self":[{"href":"https:\/\/zonaroja.com.mx\/index.php?rest_route=\/wp\/v2\/posts\/5620","targetHints":{"allow":["GET"]}}],"collection":[{"href":"https:\/\/zonaroja.com.mx\/index.php?rest_route=\/wp\/v2\/posts"}],"about":[{"href":"https:\/\/zonaroja.com.mx\/index.php?rest_route=\/wp\/v2\/types\/post"}],"author":[{"embeddable":true,"href":"https:\/\/zonaroja.com.mx\/index.php?rest_route=\/wp\/v2\/users\/2"}],"replies":[{"embeddable":true,"href":"https:\/\/zonaroja.com.mx\/index.php?rest_route=%2Fwp%2Fv2%2Fcomments&post=5620"}],"version-history":[{"count":1,"href":"https:\/\/zonaroja.com.mx\/index.php?rest_route=\/wp\/v2\/posts\/5620\/revisions"}],"predecessor-version":[{"id":5623,"href":"https:\/\/zonaroja.com.mx\/index.php?rest_route=\/wp\/v2\/posts\/5620\/revisions\/5623"}],"wp:featuredmedia":[{"embeddable":true,"href":"https:\/\/zonaroja.com.mx\/index.php?rest_route=\/wp\/v2\/media\/5621"}],"wp:attachment":[{"href":"https:\/\/zonaroja.com.mx\/index.php?rest_route=%2Fwp%2Fv2%2Fmedia&parent=5620"}],"wp:term":[{"taxonomy":"category","embeddable":true,"href":"https:\/\/zonaroja.com.mx\/index.php?rest_route=%2Fwp%2Fv2%2Fcategories&post=5620"},{"taxonomy":"post_tag","embeddable":true,"href":"https:\/\/zonaroja.com.mx\/index.php?rest_route=%2Fwp%2Fv2%2Ftags&post=5620"}],"curies":[{"name":"wp","href":"https:\/\/api.w.org\/{rel}","templated":true}]}}