{"id":56204,"date":"2023-06-08T09:22:27","date_gmt":"2023-06-08T14:22:27","guid":{"rendered":"http:\/\/www.zonaroja.com.mx\/?p=56204"},"modified":"2023-06-08T09:26:34","modified_gmt":"2023-06-08T14:26:34","slug":"xoxo-a-la-guelaguetza-exclaman-vecinos-del-municipio","status":"publish","type":"post","link":"https:\/\/zonaroja.com.mx\/?p=56204","title":{"rendered":"\u00a1Xoxo a la Guelaguetza!, exclaman vecinos del municipio"},"content":{"rendered":"\n<p>Redacci\u00f3n\/Zona Roja.&nbsp;<\/p>\n\n\n\n<p>Oaxaca de Ju\u00e1rez, Oax., a 8 de junio de 2023.- El grito de \u00a1Xoxo a la Guelaguetza!, rompi\u00f3 la seriedad del protocolo con que se desarroll\u00f3 la audici\u00f3n donde se mostr\u00f3 la propuesta de esta comunidad, al Consejo Intercultural Zapoteca, responsable de elegir a la delegaci\u00f3n que representar\u00e1 a los Valles Centrales, en la edici\u00f3n 2023 de la m\u00e1xima fiesta de Oaxaca.&nbsp;<\/p>\n\n\n\n<p>\u201cLa Mayordom\u00eda en Honor de Santa Elena de la Cruz, Patrona Parroquial de Xoxocotl\u00e1n\u201d, es el nombre de la puesta que se exhibi\u00f3, precisamente en el atrio de la parroquia, donde se venera a tan sagrada imagen.&nbsp;<\/p>\n\n\n\n<p>La m\u00fasica, el color de la indumentaria, los fuegos artificiales, la hospitalidad, la alegr\u00eda, el arraigo por las costumbres y tradiciones, la gastronom\u00eda y especialmente, el intenso amor a su tierra, fue parte de lo que mostraron en su presentaci\u00f3n los 40 integrantes del grupo que, desde ahora, puso en alto el nombre de Santa Cruz Xoxocotl\u00e1n.&nbsp;<\/p>\n\n\n\n<p>Al ritmo de sones y jarabes del Valle, las coloridas faldas revolotearon en la explanada, evidenciando la destreza de las mujeres y hombres de esta poblaci\u00f3n para danzar con el orgullo oaxaque\u00f1o que tanto se ha admirado por el mundo.<\/p>\n\n\n\n<p>RIQUEZA CULTURAL<\/p>\n\n\n\n<p>Al dar la bienvenida, el presidente municipal, Inocente Castellanos Alejos, manifest\u00f3 el orgullo de las y los xoxe\u00f1os por guardar de manera celosa la herencia cultural que les dejaron sus antepasados, como la multiplicidad de festividades que son de atractivo para propios y visitantes.<\/p>\n\n\n\n<figure class=\"wp-block-embed is-type-rich is-provider-twitter wp-block-embed-twitter\"><div class=\"wp-block-embed__wrapper\">\n<div class=\"twitter-tweet\"><blockquote class=\"twitter-tweet\" data-lang=\"es\"><p lang=\"es\" dir=\"ltr\">Me siento muy orgulloso de nuestras ra\u00edces.<a href=\"https:\/\/twitter.com\/hashtag\/XoxoTerraDeTradiciones?src=hash&amp;ref_src=twsrc%5Etfw\">#XoxoTerraDeTradiciones<\/a>.<a href=\"https:\/\/twitter.com\/hashtag\/Guelaguetza2023?src=hash&amp;ref_src=twsrc%5Etfw\">#Guelaguetza2023<\/a> <a href=\"https:\/\/twitter.com\/hashtag\/Oaxaca?src=hash&amp;ref_src=twsrc%5Etfw\">#Oaxaca<\/a> <a href=\"https:\/\/t.co\/B9xNoM9pKh\">pic.twitter.com\/B9xNoM9pKh<\/a><\/p>&mdash; Dr. Chente Castellanos (@DrCCastellanos) <a href=\"https:\/\/twitter.com\/DrCCastellanos\/status\/1666501556005650434?ref_src=twsrc%5Etfw\">7 de junio de 2023<\/a><\/blockquote><\/div>\n<\/div><\/figure>\n\n\n\n<p>\u201cChente\u201d Castellanos destac\u00f3 la riqueza cultural y tradicional del pueblo xoxe\u00f1o, misma que dijo, es digna de mostrarse ante los ojos del mundo a trav\u00e9s de la&nbsp;<\/p>\n\n\n\n<p>Guelaguetza 2023.&nbsp;<\/p>\n\n\n\n<p>\u201cSean bienvenidos a esta su casa y sepan que nosotros, los \u00faltimos custodios y herederos de Monte Alb\u00e1n siempre los recibiremos con los brazos abiertos, gracias al Comit\u00e9 Comunitario y al pueblo xoxe\u00f1o por involucrarse en esto, felicidades al grupo que present\u00f3 la esencia de nuestras festividades. Estoy seguro que Xoxocotl\u00e1n estar\u00e1 presente en la\u00a0Guelaguetza 2023\u201d, manifest\u00f3 el edil.\u00a0<\/p>\n\n\n\n<p>Los integrantes del Consejo Intercultural Zapoteca de los Valles Centrales, que tienen en sus manos tan importante decisi\u00f3n son: Sime\u00f3n Ren\u00e9 Calder\u00f3n Gonz\u00e1lez, presidente; Erick Adri\u00e1n L\u00f3pez Crist\u00f3bal, secretario y Josu\u00e9 Jarqu\u00edn Su\u00e1rez, vocal.&nbsp;<\/p>\n\n\n\n<p>En el evento, el primer concejal de Xoxo, estuvo acompa\u00f1ado por el presidente honorario del DIF Municipal, Erick Enmanuel Ortiz Hern\u00e1ndez, regidores y el huehuete de la comunidad, Jos\u00e9 Julio Reyes.<\/p>\n","protected":false},"excerpt":{"rendered":"<p>Redacci\u00f3n\/Zona Roja.&nbsp; Oaxaca de Ju\u00e1rez, Oax., a 8 de junio de 2023.- El grito de&hellip;<\/p>\n","protected":false},"author":2,"featured_media":56209,"comment_status":"closed","ping_status":"open","sticky":false,"template":"","format":"standard","meta":{"_lmt_disableupdate":"","_lmt_disable":"","_jetpack_memberships_contains_paid_content":false,"footnotes":""},"categories":[109,46],"tags":[133],"class_list":["post-56204","post","type-post","status-publish","format-standard","has-post-thumbnail","hentry","category-minuto-a-minuto","category-zona-blanca","tag-santa-cruz-xoxocotlan"],"jetpack_featured_media_url":"https:\/\/zonaroja.com.mx\/wp-content\/uploads\/2023\/06\/Guelaguetza-Santa-CRuz-Xoxocotlan.jpg","jetpack_sharing_enabled":true,"_links":{"self":[{"href":"https:\/\/zonaroja.com.mx\/index.php?rest_route=\/wp\/v2\/posts\/56204","targetHints":{"allow":["GET"]}}],"collection":[{"href":"https:\/\/zonaroja.com.mx\/index.php?rest_route=\/wp\/v2\/posts"}],"about":[{"href":"https:\/\/zonaroja.com.mx\/index.php?rest_route=\/wp\/v2\/types\/post"}],"author":[{"embeddable":true,"href":"https:\/\/zonaroja.com.mx\/index.php?rest_route=\/wp\/v2\/users\/2"}],"replies":[{"embeddable":true,"href":"https:\/\/zonaroja.com.mx\/index.php?rest_route=%2Fwp%2Fv2%2Fcomments&post=56204"}],"version-history":[{"count":2,"href":"https:\/\/zonaroja.com.mx\/index.php?rest_route=\/wp\/v2\/posts\/56204\/revisions"}],"predecessor-version":[{"id":56211,"href":"https:\/\/zonaroja.com.mx\/index.php?rest_route=\/wp\/v2\/posts\/56204\/revisions\/56211"}],"wp:featuredmedia":[{"embeddable":true,"href":"https:\/\/zonaroja.com.mx\/index.php?rest_route=\/wp\/v2\/media\/56209"}],"wp:attachment":[{"href":"https:\/\/zonaroja.com.mx\/index.php?rest_route=%2Fwp%2Fv2%2Fmedia&parent=56204"}],"wp:term":[{"taxonomy":"category","embeddable":true,"href":"https:\/\/zonaroja.com.mx\/index.php?rest_route=%2Fwp%2Fv2%2Fcategories&post=56204"},{"taxonomy":"post_tag","embeddable":true,"href":"https:\/\/zonaroja.com.mx\/index.php?rest_route=%2Fwp%2Fv2%2Ftags&post=56204"}],"curies":[{"name":"wp","href":"https:\/\/api.w.org\/{rel}","templated":true}]}}