{"id":56213,"date":"2023-06-08T13:15:36","date_gmt":"2023-06-08T18:15:36","guid":{"rendered":"http:\/\/www.zonaroja.com.mx\/?p=56213"},"modified":"2023-06-08T13:15:39","modified_gmt":"2023-06-08T18:15:39","slug":"marchan-normalistas-en-oaxaca-para-repudiar-represion-de-hace-tres-semanas","status":"publish","type":"post","link":"https:\/\/zonaroja.com.mx\/?p=56213","title":{"rendered":"Marchan normalistas en Oaxaca\u2026 para repudiar represi\u00f3n de hace tres semanas"},"content":{"rendered":"\n<p>Yuridiana Sosa\/Zona Roja.&nbsp;<\/p>\n\n\n\n<p>Oaxaca de Ju\u00e1rez, Oax., a 8 de junio de 2023.- La Coordinadora Estudiantil Normalista del Estado de Oaxaca (CENEO) aprovech\u00f3 la jornada de protesta de la Secci\u00f3n 22 del SNTE, para manifestarse contra el gobierno de Oaxaca y reiterar que se mantendr\u00e1n en lucha por sus derechos.<\/p>\n\n\n\n<p>Los estudiantes realizaron una marcha que parti\u00f3 de las antiguas instalaciones del Instituto Estatal de Educaci\u00f3n P\u00fablica de Oaxaca, sobre carretera Internacional 190, con direcci\u00f3n a la Alameda de Le\u00f3n, en repudio a los actos de represi\u00f3n que han sufrido por parte de la Polic\u00eda del Estado, por \u00f3rdenes de titular del IEEPO, Emilio Montero P\u00e9rez.<\/p>\n\n\n\n<p>Entre las m\u00e1s recientes agresiones, se\u00f1alaron los hechos ocurridos el pasado 23 de mayo, cuando normalista fueron detenidos por su presunta participaci\u00f3n en actos violentos y despu\u00e9s otro grupo que se encontraba en el z\u00f3calo de la capital fue desalojado por la Polic\u00eda Estatal con uso de gas lacrim\u00f3geno.<\/p>\n\n\n\n<p>\u201cNo dejaremos de alzar la voz y continuaremos en resistencia, no desistimos, resistimos\u201d sentenci\u00f3 la representaci\u00f3n del CENEO en conferencia de prensa. <\/p>\n\n\n\n<figure class=\"wp-block-embed\"><div class=\"wp-block-embed__wrapper\">\n<div class=\"twitter-tweet\"><blockquote class=\"twitter-tweet\" data-lang=\"es\"><p lang=\"es\" dir=\"ltr\">En conferencia de prensa, la Coordinadora Estudiantil Normalista del Estado de Oaxaca (CENEO) reprob\u00f3 la represi\u00f3n del pasado 23 de mayo y acus\u00f3 al director del <a href=\"https:\/\/twitter.com\/IEEPOGobOax?ref_src=twsrc%5Etfw\">@IEEPOGobOax<\/a>, <a href=\"https:\/\/twitter.com\/EMILIOMONTEROP?ref_src=twsrc%5Etfw\">@emiliomonterop<\/a>, de la violencia generada; lo responsabiliz\u00f3 adem\u00e1s de su integridad f\u00edsica. <a href=\"https:\/\/t.co\/gntOkSQ3qG\">pic.twitter.com\/gntOkSQ3qG<\/a><\/p>&mdash; Zona Roja Oaxaca (@ZonaRoja_Oaxaca) <a href=\"https:\/\/twitter.com\/ZonaRoja_Oaxaca\/status\/1666856265220517895?ref_src=twsrc%5Etfw\">8 de junio de 2023<\/a><\/blockquote><\/div>\n<\/div><\/figure>\n\n\n\n<p>Ante cualquier acto en su contra, los normalistas responsabilizan al titular del IEEPO, Emilio Montero y al gobernador Salom\u00f3n Jara Cruz.<\/p>\n\n\n\n<p>SEGUNDO D\u00cdA DE PARO<\/p>\n\n\n\n<p>Con esta manifestaci\u00f3n, los normalistas se unen al caos que la Secci\u00f3n 22 del SNTE ha causado en la capital del estado por el paro de 72 horas que iniciaron este 7 de junio.<\/p>\n\n\n\n<p>Durante su segundo d\u00eda de protesta, los trabajadores de la educaci\u00f3n instalaron un bloqueo sobre la calzada Chapultepec, frente a la terminal de ADO, donde adem\u00e1s \u201ctomaron\u201d por segunda ocasi\u00f3n las instalaciones de la empresa.<\/p>\n\n\n\n<p>Otro grupo del magisterio volvi\u00f3 a manifestarse con la \u201ctoma\u201d del Congreso del Estado, en San Raymundo Jalpan.&nbsp;<\/p>\n\n\n\n<p>Adem\u00e1s, varias cuadras del Centro Hist\u00f3rico, alrededor del z\u00f3calo y sobre la misma plaza se encuentra el campamento de la gremial, obstruyendo el libre tr\u00e1nsito. <\/p>\n","protected":false},"excerpt":{"rendered":"<p>Yuridiana Sosa\/Zona Roja.&nbsp; Oaxaca de Ju\u00e1rez, Oax., a 8 de junio de 2023.- La Coordinadora&hellip;<\/p>\n","protected":false},"author":2,"featured_media":56212,"comment_status":"closed","ping_status":"open","sticky":false,"template":"","format":"standard","meta":{"_lmt_disableupdate":"","_lmt_disable":"","_jetpack_memberships_contains_paid_content":false,"footnotes":""},"categories":[109,47],"tags":[],"class_list":["post-56213","post","type-post","status-publish","format-standard","has-post-thumbnail","hentry","category-minuto-a-minuto","category-zona-gris"],"jetpack_featured_media_url":"https:\/\/zonaroja.com.mx\/wp-content\/uploads\/2023\/06\/5da75849-ab12-4c8e-a43d-1507821ddc47.jpg","jetpack_sharing_enabled":true,"_links":{"self":[{"href":"https:\/\/zonaroja.com.mx\/index.php?rest_route=\/wp\/v2\/posts\/56213","targetHints":{"allow":["GET"]}}],"collection":[{"href":"https:\/\/zonaroja.com.mx\/index.php?rest_route=\/wp\/v2\/posts"}],"about":[{"href":"https:\/\/zonaroja.com.mx\/index.php?rest_route=\/wp\/v2\/types\/post"}],"author":[{"embeddable":true,"href":"https:\/\/zonaroja.com.mx\/index.php?rest_route=\/wp\/v2\/users\/2"}],"replies":[{"embeddable":true,"href":"https:\/\/zonaroja.com.mx\/index.php?rest_route=%2Fwp%2Fv2%2Fcomments&post=56213"}],"version-history":[{"count":1,"href":"https:\/\/zonaroja.com.mx\/index.php?rest_route=\/wp\/v2\/posts\/56213\/revisions"}],"predecessor-version":[{"id":56214,"href":"https:\/\/zonaroja.com.mx\/index.php?rest_route=\/wp\/v2\/posts\/56213\/revisions\/56214"}],"wp:featuredmedia":[{"embeddable":true,"href":"https:\/\/zonaroja.com.mx\/index.php?rest_route=\/wp\/v2\/media\/56212"}],"wp:attachment":[{"href":"https:\/\/zonaroja.com.mx\/index.php?rest_route=%2Fwp%2Fv2%2Fmedia&parent=56213"}],"wp:term":[{"taxonomy":"category","embeddable":true,"href":"https:\/\/zonaroja.com.mx\/index.php?rest_route=%2Fwp%2Fv2%2Fcategories&post=56213"},{"taxonomy":"post_tag","embeddable":true,"href":"https:\/\/zonaroja.com.mx\/index.php?rest_route=%2Fwp%2Fv2%2Ftags&post=56213"}],"curies":[{"name":"wp","href":"https:\/\/api.w.org\/{rel}","templated":true}]}}