{"id":56215,"date":"2023-06-08T19:15:48","date_gmt":"2023-06-09T00:15:48","guid":{"rendered":"http:\/\/www.zonaroja.com.mx\/?p=56215"},"modified":"2023-06-08T19:15:51","modified_gmt":"2023-06-09T00:15:51","slug":"detiene-fiscalia-a-dos-personas-por-caso-de-robo-de-vehiculos-en-oaxaca-capital","status":"publish","type":"post","link":"https:\/\/zonaroja.com.mx\/?p=56215","title":{"rendered":"Detiene Fiscal\u00eda a dos personas por caso de robo de veh\u00edculos en Oaxaca capital"},"content":{"rendered":"\n<p>Ismael Garc\u00eda M.\/Zona Roja.<\/p>\n\n\n\n<p>Oaxaca de Ju\u00e1rez, Oax., a 8 de junio de 2023.- La Fiscal\u00eda General del Estado de Oaxaca detuvo hoy a dos personas como presuntas responsables de la sustracci\u00f3n de m\u00e1s de 800 veh\u00edculos en el encierro \u201cPrimavera\u201d, perteneciente al ayuntamiento de Oaxaca de Ju\u00e1rez.<\/p>\n\n\n\n<p>Se trata de Luis Gerardo P. K. y Luis A. R., acusados del delito de abuso de confianza y ejercicio abusivo de funciones, en los hechos ocurridos el a\u00f1o pasado, que constan en la causa penal 58\/2023.<\/p>\n\n\n\n<p>En esa fecha, hace m\u00e1s de un a\u00f1o, ocurri\u00f3 el robo de aproximadamente 426 veh\u00edculos, 350 motocicletas y 30 bicicletas, entre otros bienes, pero fue en octubre siguiente en que la autoridad municipal interpuso la denuncia correspondiente.<\/p>\n\n\n\n<p>En un comunicado, la Fiscal\u00eda General inform\u00f3 que, como resultado de las investigaciones realizadas, este d\u00eda la Agencia Estatal de Investigaciones (AEI) ejecut\u00f3 una orden de aprehensi\u00f3n contra dos personas del sexo masculino.<\/p>\n\n\n\n<p>Detall\u00f3 que, de acuerdo con el expediente penal del caso, los delitos ocurrieron en diferentes fechas entre finales de mayo y principios de junio de 2022, en el Dep\u00f3sito Oficial de veh\u00edculos \u201cPrimavera\u201d, localizado en el municipio de San Jacinto Amilpas, pero administrado por el ayuntamiento de Oaxaca de Ju\u00e1rez.<\/p>\n\n\n\n<p>\u201cLuego que la FEO recibi\u00f3 la denuncia, el caso qued\u00f3 a cargo de la Direcci\u00f3n de Averiguaciones Previas y Procesos, misma que logr\u00f3 que se liberara la orden de aprehensi\u00f3n que se ejecut\u00f3 en contra de L. G P. K. y J. L. A. R., quienes al momento en que ocurrieron los hechos se desempe\u00f1aban como Jefe del Departamento de Control de Bienes Muebles y Analista, adscritos a la Secretar\u00eda de Patrimonio del Ayuntamiento de la capital de Oaxaca, respectivamente\u201d, detall\u00f3.<\/p>\n\n\n\n<p>En su comunicado, precis\u00f3 que tras su detenci\u00f3n, ambas personas quedaron a disposici\u00f3n del Juez que atiende la causa quien determinar\u00e1 su situaci\u00f3n jur\u00eddica en las pr\u00f3ximas horas.<\/p>\n\n\n\n<p>\u201cLa Fiscal\u00eda de Oaxaca investiga con rigurosidad los delitos cometidos en el estado para procurar justicia y erradicar pr\u00e1cticas de impunidad y corrupci\u00f3n, con el objetivo de castigar a los responsables\u201d, manifest\u00f3 la instituci\u00f3n que encabeza Bernardo Rodr\u00edguez Alamilla.<\/p>\n","protected":false},"excerpt":{"rendered":"<p>Ismael Garc\u00eda M.\/Zona Roja. Oaxaca de Ju\u00e1rez, Oax., a 8 de junio de 2023.- La&hellip;<\/p>\n","protected":false},"author":2,"featured_media":56216,"comment_status":"closed","ping_status":"open","sticky":false,"template":"","format":"standard","meta":{"_lmt_disableupdate":"","_lmt_disable":"","_jetpack_memberships_contains_paid_content":false,"footnotes":""},"categories":[109,46],"tags":[494],"class_list":["post-56215","post","type-post","status-publish","format-standard","has-post-thumbnail","hentry","category-minuto-a-minuto","category-zona-blanca","tag-fiscalia-general-del-estado-de-oaxaca"],"jetpack_featured_media_url":"https:\/\/zonaroja.com.mx\/wp-content\/uploads\/2023\/06\/Detenidos-Fiscalia-caso-encierro-Primavera.jpeg","jetpack_sharing_enabled":true,"_links":{"self":[{"href":"https:\/\/zonaroja.com.mx\/index.php?rest_route=\/wp\/v2\/posts\/56215","targetHints":{"allow":["GET"]}}],"collection":[{"href":"https:\/\/zonaroja.com.mx\/index.php?rest_route=\/wp\/v2\/posts"}],"about":[{"href":"https:\/\/zonaroja.com.mx\/index.php?rest_route=\/wp\/v2\/types\/post"}],"author":[{"embeddable":true,"href":"https:\/\/zonaroja.com.mx\/index.php?rest_route=\/wp\/v2\/users\/2"}],"replies":[{"embeddable":true,"href":"https:\/\/zonaroja.com.mx\/index.php?rest_route=%2Fwp%2Fv2%2Fcomments&post=56215"}],"version-history":[{"count":1,"href":"https:\/\/zonaroja.com.mx\/index.php?rest_route=\/wp\/v2\/posts\/56215\/revisions"}],"predecessor-version":[{"id":56217,"href":"https:\/\/zonaroja.com.mx\/index.php?rest_route=\/wp\/v2\/posts\/56215\/revisions\/56217"}],"wp:featuredmedia":[{"embeddable":true,"href":"https:\/\/zonaroja.com.mx\/index.php?rest_route=\/wp\/v2\/media\/56216"}],"wp:attachment":[{"href":"https:\/\/zonaroja.com.mx\/index.php?rest_route=%2Fwp%2Fv2%2Fmedia&parent=56215"}],"wp:term":[{"taxonomy":"category","embeddable":true,"href":"https:\/\/zonaroja.com.mx\/index.php?rest_route=%2Fwp%2Fv2%2Fcategories&post=56215"},{"taxonomy":"post_tag","embeddable":true,"href":"https:\/\/zonaroja.com.mx\/index.php?rest_route=%2Fwp%2Fv2%2Ftags&post=56215"}],"curies":[{"name":"wp","href":"https:\/\/api.w.org\/{rel}","templated":true}]}}