{"id":56218,"date":"2023-06-08T19:51:59","date_gmt":"2023-06-09T00:51:59","guid":{"rendered":"http:\/\/www.zonaroja.com.mx\/?p=56218"},"modified":"2023-06-08T19:52:03","modified_gmt":"2023-06-09T00:52:03","slug":"oaxaquena-de-oro-mariel-salazar-una-de-las-mejores-corredoras-de-latinoamerica","status":"publish","type":"post","link":"https:\/\/zonaroja.com.mx\/?p=56218","title":{"rendered":"\u00a1Oaxaque\u00f1a de oro! Mariel Salazar, una de las mejores corredoras de Latinoam\u00e9rica\u00a0"},"content":{"rendered":"\n<p>Yuridiana Sosa\/Zona Roja.<\/p>\n\n\n\n<p>Oaxaca de Ju\u00e1rez, Oax., a 8 de junio de 2023.- La joven corredora oaxaque\u00f1a Mariel Salazar, de 19 a\u00f1os de edad, se posicion\u00f3 entre las primeras cinco corredoras de Am\u00e9rica Latina en conquistar el Campeonato Mundial de Carreras de Monta\u00f1a 2023, en Innsbruck, Austria.<\/p>\n\n\n\n<p>La atleta originaria de Huajuapan de Le\u00f3n form\u00f3 parte del seleccionado mexicano, logrando una destacada participaci\u00f3n general al obtener la posici\u00f3n 56 entre los 110 corredores de 70 pa\u00edses, lo que al mismo tiempo la coloc\u00f3 como la mejor mexicana.<\/p>\n\n\n\n<p>Durante esta prueba, Mariel Salazar se estren\u00f3 como corredora en la categor\u00eda \u201cSenior\u201d (Libre), en los siete kil\u00f3metros de ascenso, lo que la hace doblemente triunfadora en esta competencia de talla mundial.<\/p>\n\n\n\n<p>Esta justa se celebr\u00f3 este 7 de junio, tras lo cual la joven agradeci\u00f3 por medio de un \u201clive\u201d desde Austria a toda la ciudadan\u00eda que le brind\u00f3 su apoyo para poder asistir a la competencia, pues, aunque la Asociaci\u00f3n Mexicana de Carreras de Trail, Monta\u00f1a y Ultra Distancia A.C ofrece apoyo para el viaje, cada competidor debe cubrir la gran mayor\u00eda de los gastos.<\/p>\n\n\n\n<p>Mariel Salazar se gan\u00f3 su pase a Austria el pasado 11 de marzo tras ganar el \u00abReto Alcaparrosa\u00bb, carrera que se celebr\u00f3 en Arcos del Sitio, Sierra de Tepotzotl\u00e1n, en el Estado de M\u00e9xico.<\/p>\n\n\n\n<p>Junto a Mariel Salazar tambi\u00e9n participaron en Austria los oaxaque\u00f1os Tom\u00e1s Reyes Ortiz, Manuel Santiago Hilario y Judith L\u00f3pez, que fueron acompa\u00f1ados por entrenador Eduardo Barrag\u00e1n, del Club Legi\u00f3n Mixteca y Tigres de Cuquila.<\/p>\n\n\n\n<p>OTRO TRIUNFO<\/p>\n\n\n\n<p>En menos de un a\u00f1o, Mariel Salazar ha conquistado diversas competencias, entre las que destaca el Mundial de Monta\u00f1a de Tailandia, en noviembre de 2022.<\/p>\n\n\n\n<p>En dicha carrera, la oaxaque\u00f1a se coloc\u00f3 en la onceava posici\u00f3n en la tabla general femenil, competencia en la que corri\u00f3 seis kil\u00f3metros de monta\u00f1a en Chiang Mai.<\/p>\n\n\n\n<p>Es as\u00ed como se posicion\u00f3 como la m\u00e1s r\u00e1pida y mejor competidora juvenil de Latinoam\u00e9rica al completar su recorrido en 29:56 minutos, por encima de competidoras de Espa\u00f1a, Estados Unidos y Francia.<\/p>\n","protected":false},"excerpt":{"rendered":"<p>Yuridiana Sosa\/Zona Roja. Oaxaca de Ju\u00e1rez, Oax., a 8 de junio de 2023.- La joven&hellip;<\/p>\n","protected":false},"author":2,"featured_media":56219,"comment_status":"closed","ping_status":"open","sticky":false,"template":"","format":"standard","meta":{"_lmt_disableupdate":"","_lmt_disable":"","_jetpack_memberships_contains_paid_content":false,"footnotes":""},"categories":[109,46],"tags":[3301],"class_list":["post-56218","post","type-post","status-publish","format-standard","has-post-thumbnail","hentry","category-minuto-a-minuto","category-zona-blanca","tag-mariel-salazar-huajuapan"],"jetpack_featured_media_url":"https:\/\/zonaroja.com.mx\/wp-content\/uploads\/2023\/06\/Mariel-Salazar-corredora-Huajuapan-Oaxaca.jpg","jetpack_sharing_enabled":true,"_links":{"self":[{"href":"https:\/\/zonaroja.com.mx\/index.php?rest_route=\/wp\/v2\/posts\/56218","targetHints":{"allow":["GET"]}}],"collection":[{"href":"https:\/\/zonaroja.com.mx\/index.php?rest_route=\/wp\/v2\/posts"}],"about":[{"href":"https:\/\/zonaroja.com.mx\/index.php?rest_route=\/wp\/v2\/types\/post"}],"author":[{"embeddable":true,"href":"https:\/\/zonaroja.com.mx\/index.php?rest_route=\/wp\/v2\/users\/2"}],"replies":[{"embeddable":true,"href":"https:\/\/zonaroja.com.mx\/index.php?rest_route=%2Fwp%2Fv2%2Fcomments&post=56218"}],"version-history":[{"count":1,"href":"https:\/\/zonaroja.com.mx\/index.php?rest_route=\/wp\/v2\/posts\/56218\/revisions"}],"predecessor-version":[{"id":56220,"href":"https:\/\/zonaroja.com.mx\/index.php?rest_route=\/wp\/v2\/posts\/56218\/revisions\/56220"}],"wp:featuredmedia":[{"embeddable":true,"href":"https:\/\/zonaroja.com.mx\/index.php?rest_route=\/wp\/v2\/media\/56219"}],"wp:attachment":[{"href":"https:\/\/zonaroja.com.mx\/index.php?rest_route=%2Fwp%2Fv2%2Fmedia&parent=56218"}],"wp:term":[{"taxonomy":"category","embeddable":true,"href":"https:\/\/zonaroja.com.mx\/index.php?rest_route=%2Fwp%2Fv2%2Fcategories&post=56218"},{"taxonomy":"post_tag","embeddable":true,"href":"https:\/\/zonaroja.com.mx\/index.php?rest_route=%2Fwp%2Fv2%2Ftags&post=56218"}],"curies":[{"name":"wp","href":"https:\/\/api.w.org\/{rel}","templated":true}]}}