{"id":56221,"date":"2023-06-08T22:44:48","date_gmt":"2023-06-09T03:44:48","guid":{"rendered":"http:\/\/www.zonaroja.com.mx\/?p=56221"},"modified":"2023-06-08T22:44:51","modified_gmt":"2023-06-09T03:44:51","slug":"para-disminuir-la-inseguridad-cabildo-suspende-licencias-para-giros-con-venta-de-bebidas-alcoholicas","status":"publish","type":"post","link":"https:\/\/zonaroja.com.mx\/?p=56221","title":{"rendered":"Para \u201cdisminuir la inseguridad\u201d, Cabildo suspende licencias para giros con venta de bebidas alcoh\u00f3licas"},"content":{"rendered":"\n<p>Ismael Garc\u00eda M.\/Zona Roja.<\/p>\n\n\n\n<p>Oaxaca de Ju\u00e1rez, Oax., a 8 de junio de 2023.-&nbsp; Bajo el argumento de disminuir \u201csignificativamente los \u00edndices de inseguridad, delincuencia y violencia de g\u00e9nero\u201d, el Cabildo de Oaxaca de Ju\u00e1rez aprob\u00f3 hoy un Punto de Acuerdo para suspender temporalmente la emisi\u00f3n de licencias para establecimientos comerciales con venta de bebidas alcoh\u00f3licas.<\/p>\n\n\n\n<p>La medida se retirar\u00e1 cuando disminuyan dichos \u00edndices, a trav\u00e9s de un informe de resultados que deber\u00e1 presentar la Secretar\u00eda de Seguridad Ciudadana, Movilizad y Protecci\u00f3n Civil Municipal, \u201cen periodos de seis meses posteriores a la vigencia de la presente determinaci\u00f3n\u201d.<\/p>\n\n\n\n<p>Ello gener\u00f3 el rechazo de la C\u00e1mara Nacional de Comercio, Servicios y Turismo de Oaxaca (Canaco-Servytur), que protest\u00f3 hoy en la sede del ayuntamiento; pero para contrarrestar la protesta, la autoridad municipal emanada de Morena llev\u00f3 a ambulantes priistas, liderados por Carmela Luj\u00e1n y Yolanda Ortega, que exig\u00edan alto a la violencia de g\u00e9nero, sin especificar casos.<\/p>\n\n\n\n<p>Desde el mediod\u00eda y previo a la sesi\u00f3n, arribaron integrantes de la Canaco, que de manera pac\u00edfica expusieron ante los medios de comunicaci\u00f3n la problem\u00e1tica que se derivar\u00eda de suspender los permisos a giros comerciales.<\/p>\n\n\n\n<p>Andr\u00e9s Emilio S\u00e1nchez Gonz\u00e1lez, presidente del organismo empresarial lament\u00f3 la medida, propuesta por un grupo de concejales:<\/p>\n\n\n\n<p>\u201cLesiona nuestra econom\u00eda, nuestros intereses, pero sobre todo, si lo vemos de una manera social, esto no resuelve nada; nuestra C\u00e1mara ha estado dispuesto a colaborar con el municipio en todas los reglamentos, pero a la vez hemos establecido tambi\u00e9n con ellos el programa Mujer Segura en bares y restaurantes; l\u00f3gicamente que esto echa abajo estos proyectos\u201d.<\/p>\n\n\n\n<p>Entrevistado previo a la sesi\u00f3n de Cabildo, sostuvo que tampoco hubo consulta a los comerciantes establecidos y aunado a ello, la autoridad pretende incrementar las supervisiones; \u201cestamos preocupados, estamos para hacerles ver al Cabildo que pr\u00e1cticamente se lo sacaron de la manga, esta es una imposici\u00f3n, no va a generar nada bueno\u201d.<\/p>\n\n\n\n<p>Apenas termin\u00f3 la entrevista colectiva, cuando a unos metros unas 50 mujeres, llevadas por las lideresas priistas, expusieron pancartas con letreros de rechazo a la violencia de g\u00e9nero.<\/p>\n\n\n\n<p>Tanto Yolanda Ortega como Carmela Luj\u00e1n se negaban a dar declaraciones al respecto, pero finalmente una de ellas accedi\u00f3 a hablar, s\u00f3lo para decir que rechazan la violencia de g\u00e9nero, sin explicar las razones de su protesta ni mucho menos sus exigencias.<\/p>\n\n\n\n<p>Luego de casi dos horas, inici\u00f3 la sesi\u00f3n de Cabildo y tras largas discusiones, por mayor\u00eda fue aprobado el Punto de Acuerdo; entre quienes votaron a favor se encuentran los priistas Juan Rafael Rosas Herrera, Jocabed Betanzos, Pablo Puga y Jes\u00fas Galguera, adem\u00e1s de los morenistas Ren\u00e9 Ric\u00e1rdez, Jorge Castro Campos, Nancy Mota Figueroa, Deyanira Altamirano. El presidente municipal Francisco Mart\u00ednez Neri, vot\u00f3 en contra.<\/p>\n\n\n\n<figure class=\"wp-block-embed is-type-rich is-provider-twitter wp-block-embed-twitter\"><div class=\"wp-block-embed__wrapper\">\n<div class=\"twitter-tweet\"><blockquote class=\"twitter-tweet\" data-lang=\"es\"><p lang=\"es\" dir=\"ltr\">Otra protesta se efectu\u00f3 hoy en el palacio del <a href=\"https:\/\/twitter.com\/MunicipioOaxaca?ref_src=twsrc%5Etfw\">@MunicipioOaxaca<\/a>.<br>Pero fue de ambulantes priistas, que lideran Carmela Luj\u00e1n y Yolanda Ortega\u2026 fue fueron llevadas otra vez por funcionarios municipales morenistas, para contrarrestar la manifestaci\u00f3n de integrantes de la Canacope. <a href=\"https:\/\/t.co\/4YraSjRFru\">pic.twitter.com\/4YraSjRFru<\/a><\/p>&mdash; Zona Roja Oaxaca (@ZonaRoja_Oaxaca) <a href=\"https:\/\/twitter.com\/ZonaRoja_Oaxaca\/status\/1666916135818649600?ref_src=twsrc%5Etfw\">8 de junio de 2023<\/a><\/blockquote><\/div>\n<\/div><\/figure>\n","protected":false},"excerpt":{"rendered":"<p>Ismael Garc\u00eda M.\/Zona Roja. Oaxaca de Ju\u00e1rez, Oax., a 8 de junio de 2023.-&nbsp; Bajo&hellip;<\/p>\n","protected":false},"author":2,"featured_media":56222,"comment_status":"closed","ping_status":"open","sticky":false,"template":"","format":"standard","meta":{"_lmt_disableupdate":"","_lmt_disable":"","_jetpack_memberships_contains_paid_content":false,"footnotes":""},"categories":[109,47],"tags":[148],"class_list":["post-56221","post","type-post","status-publish","format-standard","has-post-thumbnail","hentry","category-minuto-a-minuto","category-zona-gris","tag-oaxaca-de-juarez"],"jetpack_featured_media_url":"https:\/\/zonaroja.com.mx\/wp-content\/uploads\/2023\/06\/Protesta-Canaco-en-cabildo-Oaxaca.jpg","jetpack_sharing_enabled":true,"_links":{"self":[{"href":"https:\/\/zonaroja.com.mx\/index.php?rest_route=\/wp\/v2\/posts\/56221","targetHints":{"allow":["GET"]}}],"collection":[{"href":"https:\/\/zonaroja.com.mx\/index.php?rest_route=\/wp\/v2\/posts"}],"about":[{"href":"https:\/\/zonaroja.com.mx\/index.php?rest_route=\/wp\/v2\/types\/post"}],"author":[{"embeddable":true,"href":"https:\/\/zonaroja.com.mx\/index.php?rest_route=\/wp\/v2\/users\/2"}],"replies":[{"embeddable":true,"href":"https:\/\/zonaroja.com.mx\/index.php?rest_route=%2Fwp%2Fv2%2Fcomments&post=56221"}],"version-history":[{"count":1,"href":"https:\/\/zonaroja.com.mx\/index.php?rest_route=\/wp\/v2\/posts\/56221\/revisions"}],"predecessor-version":[{"id":56223,"href":"https:\/\/zonaroja.com.mx\/index.php?rest_route=\/wp\/v2\/posts\/56221\/revisions\/56223"}],"wp:featuredmedia":[{"embeddable":true,"href":"https:\/\/zonaroja.com.mx\/index.php?rest_route=\/wp\/v2\/media\/56222"}],"wp:attachment":[{"href":"https:\/\/zonaroja.com.mx\/index.php?rest_route=%2Fwp%2Fv2%2Fmedia&parent=56221"}],"wp:term":[{"taxonomy":"category","embeddable":true,"href":"https:\/\/zonaroja.com.mx\/index.php?rest_route=%2Fwp%2Fv2%2Fcategories&post=56221"},{"taxonomy":"post_tag","embeddable":true,"href":"https:\/\/zonaroja.com.mx\/index.php?rest_route=%2Fwp%2Fv2%2Ftags&post=56221"}],"curies":[{"name":"wp","href":"https:\/\/api.w.org\/{rel}","templated":true}]}}