{"id":56224,"date":"2023-06-08T22:56:10","date_gmt":"2023-06-09T03:56:10","guid":{"rendered":"http:\/\/www.zonaroja.com.mx\/?p=56224"},"modified":"2023-06-08T22:56:12","modified_gmt":"2023-06-09T03:56:12","slug":"en-oaxaca-no-solo-asesinan-a-ninos-y-mujeres-tambien-adultos-mayores","status":"publish","type":"post","link":"https:\/\/zonaroja.com.mx\/?p=56224","title":{"rendered":"En Oaxaca no s\u00f3lo asesinan a ni\u00f1os y mujeres; tambi\u00e9n adultos mayores"},"content":{"rendered":"\n<p>Redacci\u00f3n\/Zona Roja.<\/p>\n\n\n\n<p>Oaxaca de Ju\u00e1rez, Oax., a 8 de junio de 2023.- La ola de violencia en contra de sectores vulnerables de la poblaci\u00f3n, crece en Oaxaca.<\/p>\n\n\n\n<p>A los recientes asesinatos de mujeres y de menores de edad, se sum\u00f3 este jueves el crimen de un adulto mayor.<\/p>\n\n\n\n<p>Ocurri\u00f3 en San Pedro Atoyac, municipio de la regi\u00f3n Costa de Oaxaca, en que fue ultimado un individuo de aproximadamente 80 a\u00f1os de edad.<\/p>\n\n\n\n<p>El hombre identificado con las iniciales A. F. B. fue atacado a balazos la noche del pasado martes y fue trasladado a un hospital de Pinotepa Nacional, pero debido a la gravedad de las lesiones, este d\u00eda se dio a conocer que perdi\u00f3 la vida.<\/p>\n\n\n\n<p>La Vicefiscal\u00eda Regional de la Costa inici\u00f3 las indagatorias correspondientes, con el fin de dar con el o los responsables del crimen.<\/p>\n\n\n\n<p>Por otra parte, tambi\u00e9n en la regi\u00f3n de la Costa pero en la playa La Entrega de Bah\u00edas de Huatulco, una persona de aproximadamente 67 a\u00f1os de edad, perdi\u00f3 la vida a causa de ahogamiento.<\/p>\n\n\n\n<p>El hombre identificado como Jorge M., turista originario de la Ciudad de M\u00e9xico, se meti\u00f3 a nadar pero no logr\u00f3 salir a flote; prestadores de servicios tur\u00edsticos lo rescataron pero param\u00e9dicos corroboraron que ya no contaba con signos vitales.  <\/p>\n","protected":false},"excerpt":{"rendered":"<p>Redacci\u00f3n\/Zona Roja. Oaxaca de Ju\u00e1rez, Oax., a 8 de junio de 2023.- La ola de&hellip;<\/p>\n","protected":false},"author":2,"featured_media":52455,"comment_status":"closed","ping_status":"open","sticky":false,"template":"","format":"standard","meta":{"_lmt_disableupdate":"","_lmt_disable":"","_jetpack_memberships_contains_paid_content":false,"footnotes":""},"categories":[109,51],"tags":[3121],"class_list":["post-56224","post","type-post","status-publish","format-standard","has-post-thumbnail","hentry","category-minuto-a-minuto","category-zona-roja","tag-san-pedro-atoyac"],"jetpack_featured_media_url":"https:\/\/zonaroja.com.mx\/wp-content\/uploads\/2023\/03\/Escena-crimen-asesinato-violencia.jpg","jetpack_sharing_enabled":true,"_links":{"self":[{"href":"https:\/\/zonaroja.com.mx\/index.php?rest_route=\/wp\/v2\/posts\/56224","targetHints":{"allow":["GET"]}}],"collection":[{"href":"https:\/\/zonaroja.com.mx\/index.php?rest_route=\/wp\/v2\/posts"}],"about":[{"href":"https:\/\/zonaroja.com.mx\/index.php?rest_route=\/wp\/v2\/types\/post"}],"author":[{"embeddable":true,"href":"https:\/\/zonaroja.com.mx\/index.php?rest_route=\/wp\/v2\/users\/2"}],"replies":[{"embeddable":true,"href":"https:\/\/zonaroja.com.mx\/index.php?rest_route=%2Fwp%2Fv2%2Fcomments&post=56224"}],"version-history":[{"count":1,"href":"https:\/\/zonaroja.com.mx\/index.php?rest_route=\/wp\/v2\/posts\/56224\/revisions"}],"predecessor-version":[{"id":56225,"href":"https:\/\/zonaroja.com.mx\/index.php?rest_route=\/wp\/v2\/posts\/56224\/revisions\/56225"}],"wp:featuredmedia":[{"embeddable":true,"href":"https:\/\/zonaroja.com.mx\/index.php?rest_route=\/wp\/v2\/media\/52455"}],"wp:attachment":[{"href":"https:\/\/zonaroja.com.mx\/index.php?rest_route=%2Fwp%2Fv2%2Fmedia&parent=56224"}],"wp:term":[{"taxonomy":"category","embeddable":true,"href":"https:\/\/zonaroja.com.mx\/index.php?rest_route=%2Fwp%2Fv2%2Fcategories&post=56224"},{"taxonomy":"post_tag","embeddable":true,"href":"https:\/\/zonaroja.com.mx\/index.php?rest_route=%2Fwp%2Fv2%2Ftags&post=56224"}],"curies":[{"name":"wp","href":"https:\/\/api.w.org\/{rel}","templated":true}]}}