{"id":56226,"date":"2023-06-08T23:25:30","date_gmt":"2023-06-09T04:25:30","guid":{"rendered":"http:\/\/www.zonaroja.com.mx\/?p=56226"},"modified":"2023-06-08T23:25:49","modified_gmt":"2023-06-09T04:25:49","slug":"seccion-22-decreta-receso-en-mesa-de-dialogo-arreciara-protestas","status":"publish","type":"post","link":"https:\/\/zonaroja.com.mx\/?p=56226","title":{"rendered":"Secci\u00f3n 22 decreta receso en mesa de di\u00e1logo; arreciar\u00e1 protestas"},"content":{"rendered":"\n<p>Ismael Garc\u00eda M.\/Zona Roja.<\/p>\n\n\n\n<p>Oaxaca de Ju\u00e1rez, Oax., a 8 de junio de 2023.- Ante la cerraz\u00f3n y falta de seriedad de la SEP para atender las demandas del magisterio, as\u00ed como los escasos avances en Oaxaca, la Secci\u00f3n 22 del SNTE determin\u00f3 hoy de manera unilateral un receso a la mesa de di\u00e1logo en la ciudad de M\u00e9xico.<\/p>\n\n\n\n<p>Ante ello, incrementar\u00e1 sus protestas tanto en la capital del pa\u00eds, como en la entidad oaxaque\u00f1a, con la finalidad de presionar a las autoridades estatales y federales a cumplir con las demandas plasmadas en el pliego petitorio, inform\u00f3 la secretaria General del gremio, Yenny Aracely P\u00e9rez Mart\u00ednez.<\/p>\n\n\n\n<p>En un mitin efectuado la tarde de hoy en el exterior de la sede de la Secretar\u00eda de Educaci\u00f3n P\u00fablica, en la Ciudad de M\u00e9xico, lament\u00f3 que esta dependencia federal no haya enviado a funcionarios con car\u00e1cter de resoluci\u00f3n, por lo tanto no hubo avances.<\/p>\n\n\n\n<p>\u201cCon el transcurrir de estas mesas, no hemos visto que los funcionarios ah\u00ed presentes tengan la capacidad resolutiva. Condenamos la criminalizaci\u00f3n de nuestro magisterial y del movimiento social.<\/p>\n\n\n\n<p>\u201cTambi\u00e9n pusimos como demanda central la justicia para el compa\u00f1ero Rub\u00e9n N\u00fa\u00f1ez Ginez, pues este caso se ha utilizado por el Presidente Andr\u00e9s Manuel L\u00f3pez Obrador como una bandera pol\u00edtica, sin embargo, hasta el momento no hay soluci\u00f3n\u201d, dijo la dirigente de los maestros.<\/p>\n\n\n\n<p>Acus\u00f3 que los representantes en las mesas de trabajo de hoy no ten\u00edan capacidad resolutiva; incluso plantear el tema de las v\u00edctimas de Nochixtl\u00e1n, en 2016, adem\u00e1s del caso Amoltepec, pero no hubo nada.<\/p>\n\n\n\n<p>\u201cNuestro movimiento merece respeto y hoy en esta mesa, al ver que en esta mesa se encontraban funcionarios que no ten\u00edan la capacidad de resoluci\u00f3n, hemos decidido primeramente recesar la mesa.<\/p>\n\n\n\n<p>\u201cQue en un segundo momento se est\u00e9n presentando funcionarios que tengan car\u00e1cter resolutivo y que desde luego, al reinstalarse esta mesa tengamos soluciones concretas a los planteamientos hechos por el cuerpo jur\u00eddico y esta comisi\u00f3n pol\u00edtica.<\/p>\n\n\n\n<p>\u201cPor es importante, compa\u00f1eras y compa\u00f1eros, el llamado a que no bajemos la guardia; el llamado a quienes se encuentran movilizados en nuestro estado, debemos hacer presi\u00f3n; de otro modo, el gobierno federal est\u00e1 haciendo o\u00eddos sordos, no est\u00e1 respondiendo a las demandas que tenemos como magisterio democr\u00e1tico. El llamado a que podemos estar intensificando las actividades en nuestro estado\u201d, dijo.<\/p>\n\n\n\n<p>Por otra parte, despu\u00e9s de las ocho de la noche de hoy, tanto en la capital como en la zona metropolitana, la Secci\u00f3n 22 retir\u00f3 sus bloqueos a vialidades, pero los retomar\u00e1 ma\u00f1ana, tercer d\u00eda de paro, con mayor fuerza.<\/p>\n\n\n\n<figure class=\"wp-block-embed is-type-rich is-provider-twitter wp-block-embed-twitter\"><div class=\"wp-block-embed__wrapper\">\n<div class=\"twitter-tweet\"><blockquote class=\"twitter-tweet\" data-lang=\"es\"><p lang=\"es\" dir=\"ltr\"><a href=\"https:\/\/twitter.com\/hashtag\/%C3%9AltimoMinuto?src=hash&amp;ref_src=twsrc%5Etfw\">#\u00daltimoMinuto<\/a><br>En la Ciudad de M\u00e9xico, la dirigente de la Secci\u00f3n 22 del SNTE, Yenny Aracely P\u00e9rez, informa que la Comisi\u00f3n Pol\u00edtica se levant\u00f3 de la mesa de trabajo, otra vez por desd\u00e9n de la SEP, al mandar a funcionarios sin capacidad de resoluci\u00f3n. <br>Por ello, desde esta\u2026 <a href=\"https:\/\/t.co\/RDIda1ngvw\">pic.twitter.com\/RDIda1ngvw<\/a><\/p>&mdash; Zona Roja Oaxaca (@ZonaRoja_Oaxaca) <a href=\"https:\/\/twitter.com\/ZonaRoja_Oaxaca\/status\/1666984710344409098?ref_src=twsrc%5Etfw\">9 de junio de 2023<\/a><\/blockquote><\/div>\n<\/div><\/figure>\n","protected":false},"excerpt":{"rendered":"<p>Ismael Garc\u00eda M.\/Zona Roja. Oaxaca de Ju\u00e1rez, Oax., a 8 de junio de 2023.- Ante&hellip;<\/p>\n","protected":false},"author":2,"featured_media":56227,"comment_status":"closed","ping_status":"open","sticky":false,"template":"","format":"standard","meta":{"_lmt_disableupdate":"","_lmt_disable":"","_jetpack_memberships_contains_paid_content":false,"footnotes":""},"categories":[109,47],"tags":[312],"class_list":["post-56226","post","type-post","status-publish","format-standard","has-post-thumbnail","hentry","category-minuto-a-minuto","category-zona-gris","tag-seccion-22-del-snte"],"jetpack_featured_media_url":"https:\/\/zonaroja.com.mx\/wp-content\/uploads\/2023\/06\/Protesta-Seccion-22-del-SNTE-Cdmx.jpg","jetpack_sharing_enabled":true,"_links":{"self":[{"href":"https:\/\/zonaroja.com.mx\/index.php?rest_route=\/wp\/v2\/posts\/56226","targetHints":{"allow":["GET"]}}],"collection":[{"href":"https:\/\/zonaroja.com.mx\/index.php?rest_route=\/wp\/v2\/posts"}],"about":[{"href":"https:\/\/zonaroja.com.mx\/index.php?rest_route=\/wp\/v2\/types\/post"}],"author":[{"embeddable":true,"href":"https:\/\/zonaroja.com.mx\/index.php?rest_route=\/wp\/v2\/users\/2"}],"replies":[{"embeddable":true,"href":"https:\/\/zonaroja.com.mx\/index.php?rest_route=%2Fwp%2Fv2%2Fcomments&post=56226"}],"version-history":[{"count":1,"href":"https:\/\/zonaroja.com.mx\/index.php?rest_route=\/wp\/v2\/posts\/56226\/revisions"}],"predecessor-version":[{"id":56228,"href":"https:\/\/zonaroja.com.mx\/index.php?rest_route=\/wp\/v2\/posts\/56226\/revisions\/56228"}],"wp:featuredmedia":[{"embeddable":true,"href":"https:\/\/zonaroja.com.mx\/index.php?rest_route=\/wp\/v2\/media\/56227"}],"wp:attachment":[{"href":"https:\/\/zonaroja.com.mx\/index.php?rest_route=%2Fwp%2Fv2%2Fmedia&parent=56226"}],"wp:term":[{"taxonomy":"category","embeddable":true,"href":"https:\/\/zonaroja.com.mx\/index.php?rest_route=%2Fwp%2Fv2%2Fcategories&post=56226"},{"taxonomy":"post_tag","embeddable":true,"href":"https:\/\/zonaroja.com.mx\/index.php?rest_route=%2Fwp%2Fv2%2Ftags&post=56226"}],"curies":[{"name":"wp","href":"https:\/\/api.w.org\/{rel}","templated":true}]}}