{"id":56235,"date":"2023-06-09T13:20:00","date_gmt":"2023-06-09T18:20:00","guid":{"rendered":"http:\/\/www.zonaroja.com.mx\/?p=56235"},"modified":"2023-06-09T08:21:44","modified_gmt":"2023-06-09T13:21:44","slug":"acusan-a-trump-de-nuevo-ahora-por-manejo-de-documentos-clasificados","status":"publish","type":"post","link":"https:\/\/zonaroja.com.mx\/?p=56235","title":{"rendered":"Acusan a Trump de nuevo, ahora por manejo de documentos clasificados"},"content":{"rendered":"\n<p>Redacci\u00f3n\/Zona Roja Cdmx.<\/p>\n\n\n\n<p>Ciudad de M\u00e9xico, a 9 de junio de 2023.- La tarde de ayer, el ex presidente Donald Trump recibi\u00f3 una acusaci\u00f3n formal por el manejo indebido de documentos clasificados en su finca de Florida, uno de los casos m\u00e1s notables en la historia del Departamento de Justicia de Estados Unidos.<\/p>\n\n\n\n<p>Los cargos federales representan el mayor riesgo legal para Donald Trump hasta el momento, y se producen menos de tres meses despu\u00e9s de que fuera acusado en Nueva York por 34 delitos graves de falsificaci\u00f3n de registros contables.<\/p>\n\n\n\n<p>A continuaci\u00f3n un vistazo a los cargos, a la investigaci\u00f3n del fiscal especial y a c\u00f3mo el caso de Trump es distinto al de otros pol\u00edticos a los que se les han encontrado documentos confidenciales.<\/p>\n\n\n\n<p>Trump ha sido acusado con siete cargos relacionados con el manejo indebido de documentos confidenciales, seg\u00fan dos personas al tanto de la acusaci\u00f3n formal pero que no estaban autorizadas a tocar el tema de manera p\u00fablica. En s\u00ed, los cargos siguen sin estar claros y permanecen bajo precinto, dijo una de las fuentes.<\/p>\n\n\n\n<p>El ex mandatario anunci\u00f3 el jueves en su red social Truth Social que los abogados del Departamento de Justicia le hab\u00edan informado a su equipo legal que hab\u00eda sido acusado formalmente. Se\u00f1al\u00f3 que deber\u00e1 comparecer ante un tribunal de Miami la tarde del martes.<\/p>\n\n\n\n<p>De momento se desconoce si alguien m\u00e1s enfrentar\u00e1 cargos relacionados con el caso.<\/p>\n\n\n\n<p>Funcionarios de los Archivos Nacionales y Administraci\u00f3n de Documentos de Estados Unidos (NARA, por sus siglas en ingl\u00e9s) se pusieron en contacto con representantes de Trump en la primavera de 2021, cuando se dieron cuenta de que hac\u00edan falta documentos importantes de su tiempo como presidente.<\/p>\n\n\n\n<p>Seg\u00fan la Ley de Registros Presidenciales, los documentos de la Casa Blanca son considerados propiedad del gobierno federal y deben ser preservados.<\/p>\n\n\n\n<p>En diciembre de 2021, un representante de Trump le respondi\u00f3 a los Archivos Nacionales que se hab\u00edan localizado expedientes presidenciales en Mar-a-Lago. Un mes despu\u00e9s, los Archivos Nacionales recuperaron 15 cajas con documentos de la finca del ex mandatario en Florida, inform\u00e1ndoles posteriormente a funcionarios del Departamento de Justicia que conten\u00edan \u201cuna gran cantidad\u201d de material clasificado.<\/p>\n\n\n\n<p>En mayo de ese a\u00f1o, el FBI y el Departamento de Justicia emitieron una citaci\u00f3n para obtener los documentos clasificados faltantes que se encontraban en posesi\u00f3n de Trump. Los investigadores que visitaron la propiedad de Trump semanas m\u00e1s tarde para recolectar los archivos recibieron alrededor de una treintena de documentos y una declaraci\u00f3n jurada de los abogados de Trump en la que se afirmaba que se hab\u00eda devuelto la informaci\u00f3n solicitada.<\/p>\n\n\n\n<p>Pero dicha afirmaci\u00f3n result\u00f3 ser falsa. Los agentes federales regresaron a Mar-a-Lago en agosto de 2022 con una orden de allanamiento e incautaron m\u00e1s de 33 cajas y archiveros con 11 mil documentos que se encontraban en una sala de almacenaje y una oficina, entre los cuales hab\u00eda 100 documentos clasificados.<\/p>\n\n\n\n<p>Desde que Trump dej\u00f3 la presidencia en enero de 2021, se han recuperado alrededor de 300 documentos con sellos de confidencialidad, incluidos algunos considerados ultrasecretos.<\/p>\n\n\n\n<p>(Informaci\u00f3n de AP en \u201cEl Financiero\u201d)<\/p>\n","protected":false},"excerpt":{"rendered":"<p>Redacci\u00f3n\/Zona Roja Cdmx. Ciudad de M\u00e9xico, a 9 de junio de 2023.- La tarde de&hellip;<\/p>\n","protected":false},"author":2,"featured_media":19827,"comment_status":"closed","ping_status":"open","sticky":false,"template":"","format":"standard","meta":{"_lmt_disableupdate":"","_lmt_disable":"","_jetpack_memberships_contains_paid_content":false,"footnotes":""},"categories":[109,47],"tags":[1060],"class_list":["post-56235","post","type-post","status-publish","format-standard","has-post-thumbnail","hentry","category-minuto-a-minuto","category-zona-gris","tag-donald-trump"],"jetpack_featured_media_url":"https:\/\/zonaroja.com.mx\/wp-content\/uploads\/2020\/11\/Donald-Trump2.jpg","jetpack_sharing_enabled":true,"_links":{"self":[{"href":"https:\/\/zonaroja.com.mx\/index.php?rest_route=\/wp\/v2\/posts\/56235","targetHints":{"allow":["GET"]}}],"collection":[{"href":"https:\/\/zonaroja.com.mx\/index.php?rest_route=\/wp\/v2\/posts"}],"about":[{"href":"https:\/\/zonaroja.com.mx\/index.php?rest_route=\/wp\/v2\/types\/post"}],"author":[{"embeddable":true,"href":"https:\/\/zonaroja.com.mx\/index.php?rest_route=\/wp\/v2\/users\/2"}],"replies":[{"embeddable":true,"href":"https:\/\/zonaroja.com.mx\/index.php?rest_route=%2Fwp%2Fv2%2Fcomments&post=56235"}],"version-history":[{"count":1,"href":"https:\/\/zonaroja.com.mx\/index.php?rest_route=\/wp\/v2\/posts\/56235\/revisions"}],"predecessor-version":[{"id":56236,"href":"https:\/\/zonaroja.com.mx\/index.php?rest_route=\/wp\/v2\/posts\/56235\/revisions\/56236"}],"wp:featuredmedia":[{"embeddable":true,"href":"https:\/\/zonaroja.com.mx\/index.php?rest_route=\/wp\/v2\/media\/19827"}],"wp:attachment":[{"href":"https:\/\/zonaroja.com.mx\/index.php?rest_route=%2Fwp%2Fv2%2Fmedia&parent=56235"}],"wp:term":[{"taxonomy":"category","embeddable":true,"href":"https:\/\/zonaroja.com.mx\/index.php?rest_route=%2Fwp%2Fv2%2Fcategories&post=56235"},{"taxonomy":"post_tag","embeddable":true,"href":"https:\/\/zonaroja.com.mx\/index.php?rest_route=%2Fwp%2Fv2%2Ftags&post=56235"}],"curies":[{"name":"wp","href":"https:\/\/api.w.org\/{rel}","templated":true}]}}