{"id":56239,"date":"2023-06-09T09:30:00","date_gmt":"2023-06-09T14:30:00","guid":{"rendered":"http:\/\/www.zonaroja.com.mx\/?p=56239"},"modified":"2023-06-09T08:42:24","modified_gmt":"2023-06-09T13:42:24","slug":"ordena-tribunal-de-oaxaca-registro-de-un-edil-por-11-anos-como-violentador","status":"publish","type":"post","link":"https:\/\/zonaroja.com.mx\/?p=56239","title":{"rendered":"Ordena Tribunal de Oaxaca registro de un edil por 11 a\u00f1os como violentador"},"content":{"rendered":"\n<p>Redacci\u00f3n\/Zona Roja.<\/p>\n\n\n\n<p>Oaxaca de Ju\u00e1rez, Oax., a 9 de junio de 2023.- Por unanimidad, el pleno del Tribunal Electoral del Estado de Oaxaca (TEEO) orden\u00f3 el registro, por 11 a\u00f1os, del presidente municipal de Santa Catalina Quier\u00ed, Timoteo Valencia V\u00e1squez, en el Registro de Personas Sancionadas en Materia de Violencia Pol\u00edtica contra las Mujeres en Raz\u00f3n de G\u00e9nero, ante su conducta reiterada.<\/p>\n\n\n\n<p>En la resoluci\u00f3n del juicio con clave JDCI\/254\/2022, se acredit\u00f3 la violencia pol\u00edtica en raz\u00f3n de g\u00e9nero, cometida por esa 9autoridad municipal en contra de la regidora Suplente de Equidad y G\u00e9nero del Ayuntamiento de Quier\u00ed.<\/p>\n\n\n\n<p>Detalla que esta consisti\u00f3 en la omisi\u00f3n de convocarla a las sesiones de Cabildo y pago de dietas, la cual ya hab\u00edan sido acreditadas, previamente, en los juicios de la ciudadan\u00eda ind\u00edgena 61 de 2022 y 53 de 2022, de ah\u00ed que, advierte esta sentencia, se confirma la omisi\u00f3n reiterada del presidente municipal.<\/p>\n\n\n\n<p>Por otro lado, en la resoluci\u00f3n del Procedimiento Especial Sancionador con clave PES\/02\/2023, este \u00d3rgano Jurisdiccional declar\u00f3 existente la violencia pol\u00edtica en raz\u00f3n de g\u00e9nero atribuida al ex presidente municipal de Santa Luc\u00eda del Camino, Dante Monta\u00f1o Montero, en contra de una ex concejal integrante de ese ayuntamiento.<\/p>\n\n\n\n<p>Expuso que qued\u00f3 demostrado en autos que los actos denunciados por la ex regidora, analizados con base en los cinco elementos establecidos por la jurisprudencia 21\/2018,&nbsp; vulneraron el derecho pol\u00edtico electoral de la recurrente a ser votada, en su vertiente del pleno ejercicio y desempe\u00f1o del cargo para el cual fue electa, pues fue invisibilizada como integrante del ayuntamiento en el periodo que fungi\u00f3 y al no hab\u00e9rsele pagado las dietas que le corresponden desde el mes de febrero del a\u00f1o dos mil 2021.<\/p>\n\n\n\n<p>En este caso, el TEEO rechaz\u00f3 la caducidad del presente procedimiento especial sancionador, invocado por el denunciado, ya que, la violencia pol\u00edtica en raz\u00f3n de g\u00e9nero, en el \u00e1mbito electoral, es de inter\u00e9s p\u00fablico; y las autoridades est\u00e1n obligadas a evitar la afectaci\u00f3n de los derechos pol\u00edtico electorales de las mujeres que han sido v\u00edctimas.<\/p>\n","protected":false},"excerpt":{"rendered":"<p>Redacci\u00f3n\/Zona Roja. Oaxaca de Ju\u00e1rez, Oax., a 9 de junio de 2023.- Por unanimidad, el&hellip;<\/p>\n","protected":false},"author":2,"featured_media":51465,"comment_status":"closed","ping_status":"open","sticky":false,"template":"","format":"standard","meta":{"_lmt_disableupdate":"","_lmt_disable":"","_jetpack_memberships_contains_paid_content":false,"footnotes":""},"categories":[109,47],"tags":[3575],"class_list":["post-56239","post","type-post","status-publish","format-standard","has-post-thumbnail","hentry","category-minuto-a-minuto","category-zona-gris","tag-santo-tomas-quieri"],"jetpack_featured_media_url":"https:\/\/zonaroja.com.mx\/wp-content\/uploads\/2023\/02\/Tribunal-Electoral-del-Estado-de-Oaxaca.jpeg","jetpack_sharing_enabled":true,"_links":{"self":[{"href":"https:\/\/zonaroja.com.mx\/index.php?rest_route=\/wp\/v2\/posts\/56239","targetHints":{"allow":["GET"]}}],"collection":[{"href":"https:\/\/zonaroja.com.mx\/index.php?rest_route=\/wp\/v2\/posts"}],"about":[{"href":"https:\/\/zonaroja.com.mx\/index.php?rest_route=\/wp\/v2\/types\/post"}],"author":[{"embeddable":true,"href":"https:\/\/zonaroja.com.mx\/index.php?rest_route=\/wp\/v2\/users\/2"}],"replies":[{"embeddable":true,"href":"https:\/\/zonaroja.com.mx\/index.php?rest_route=%2Fwp%2Fv2%2Fcomments&post=56239"}],"version-history":[{"count":1,"href":"https:\/\/zonaroja.com.mx\/index.php?rest_route=\/wp\/v2\/posts\/56239\/revisions"}],"predecessor-version":[{"id":56240,"href":"https:\/\/zonaroja.com.mx\/index.php?rest_route=\/wp\/v2\/posts\/56239\/revisions\/56240"}],"wp:featuredmedia":[{"embeddable":true,"href":"https:\/\/zonaroja.com.mx\/index.php?rest_route=\/wp\/v2\/media\/51465"}],"wp:attachment":[{"href":"https:\/\/zonaroja.com.mx\/index.php?rest_route=%2Fwp%2Fv2%2Fmedia&parent=56239"}],"wp:term":[{"taxonomy":"category","embeddable":true,"href":"https:\/\/zonaroja.com.mx\/index.php?rest_route=%2Fwp%2Fv2%2Fcategories&post=56239"},{"taxonomy":"post_tag","embeddable":true,"href":"https:\/\/zonaroja.com.mx\/index.php?rest_route=%2Fwp%2Fv2%2Ftags&post=56239"}],"curies":[{"name":"wp","href":"https:\/\/api.w.org\/{rel}","templated":true}]}}