{"id":5624,"date":"2019-11-10T20:47:44","date_gmt":"2019-11-11T02:47:44","guid":{"rendered":"http:\/\/www.zonaroja.com.mx\/?p=5624"},"modified":"2019-11-10T20:47:48","modified_gmt":"2019-11-11T02:47:48","slug":"hacer-creer-que-en-nuestro-estado-hay-paz-y-tranquilidad-es-mentira-arzobispo","status":"publish","type":"post","link":"https:\/\/zonaroja.com.mx\/?p=5624","title":{"rendered":"\u201cHacer creer que en nuestro estado hay paz y tranquilidad, es mentira\u201d: Arzobispo"},"content":{"rendered":"\n<p>Ismael\nGarc\u00eda M.\/Zona Roja.<\/p>\n\n\n\n<p>Oaxaca\nde Ju\u00e1rez, Oax., 10 de noviembre de 2019.- El Arzobispo de Antequera, Pedro\nV\u00e1zquez Villalobos, critic\u00f3 a las autoridades de Oaxaca por mentir a la poblaci\u00f3n\nque hay paz y seguridad. Recomend\u00f3 asimismo a los oaxaque\u00f1os orar para estar a\nsalvo de los peligros.<\/p>\n\n\n\n<p>Tras\nlos recientes hechos violentos, en que fueron masacrados cinco polic\u00edas en San\nVicente Coatl\u00e1n, adem\u00e1s de registrarse un asalto armado en el Centro Hist\u00f3rico\nde la capital, dijo en su homil\u00eda de este domingo:<\/p>\n\n\n\n<p>\u201cSeguimos\nviviendo en Oaxaca con mucho terror. Aunque queramos nosotros hacer creer que\nen este estado de Oaxaca hay paz y tranquilidad, eso es mentira, eso es\nmentira.<\/p>\n\n\n\n<p>\u201cNo\nes cierto que haya paz y tranquilidad, no es verdad, no mientan los que quieran\npresentar una imagen de Oaxaca que no es, \u00a1no mientan! Mejor ded\u00edquense a hacer\nsu trabajo y a hacerlo bien.<\/p>\n\n\n\n<p>\u201cAhora,\nni los encargados de cuidar el orden son respetados; qu\u00e9 pas\u00f3 en esta semana:\nmataron a cinco polic\u00edas, ya ni siquiera esos son respetados, si no respetan a\nlos que cuidan el orden\u2026 No hablemos mal de las personas si no nos consta, pero\nel hecho es ese, le quitaron la vida a unos hermanos nuestros.<\/p>\n\n\n\n<p>\u201cY\nqu\u00e9 pas\u00f3 en nuestra ciudad tambi\u00e9n. Por quitar un dinero, casi matan a una\nmujer, en pleno d\u00eda y en plena calle, en el centro de nuestra ciudad.<\/p>\n\n\n\n<p>\u201cY\ntodav\u00eda decimos hay paz, hay paz, no hay violencia, no hay nada de eso, no hay\ninseguridad.<\/p>\n\n\n\n<p>\u201cY\nqu\u00e9 me dicen mis hermanos obispos: monse\u00f1or, nos seguimos encontrando con\nasesinatos, con muertos aqu\u00ed y all\u00e1.<\/p>\n\n\n\n<p>\u201cIntensifiquemos\nnuestra oraci\u00f3n, esa debe ser el arma de nosotros, la oraci\u00f3n, toma esa arma,\nora, y dile a Dios, se\u00f1or toca el coraz\u00f3n de los que no descubren tu rostro en\nlos hermanos, toca el coraz\u00f3n, para que realmente tengamos paz.<\/p>\n\n\n\n<p>\u201cPero\ntambi\u00e9n trabajemos en nuestras familias, eduquemos para la vida, para el\nrespeto, para vivir el amor en nuestras familias y en nuestra sociedad\u201d, dijo.<\/p>\n\n\n\n<p>En\nrecientes fechas y tras las discusiones en el Poder Legislativo sobre la\ndespenalizaci\u00f3n del aborto, V\u00e1zquez Villalobos tambi\u00e9n sali\u00f3 a las calles en al\nmenos dos ocasiones, para parchar con grupos de distintas religiones a favor de\nla vida, adem\u00e1s de participar en un mitin.<\/p>\n","protected":false},"excerpt":{"rendered":"<p>Ismael Garc\u00eda M.\/Zona Roja. Oaxaca de Ju\u00e1rez, Oax., 10 de noviembre de 2019.- El Arzobispo&hellip;<\/p>\n","protected":false},"author":2,"featured_media":5625,"comment_status":"closed","ping_status":"open","sticky":false,"template":"","format":"standard","meta":{"_lmt_disableupdate":"","_lmt_disable":"","_jetpack_memberships_contains_paid_content":false,"footnotes":""},"categories":[109,46],"tags":[993],"class_list":["post-5624","post","type-post","status-publish","format-standard","has-post-thumbnail","hentry","category-minuto-a-minuto","category-zona-blanca","tag-pedro-vazquez-villalobos"],"jetpack_featured_media_url":"https:\/\/zonaroja.com.mx\/wp-content\/uploads\/2019\/11\/Pedro-V\u00e1zquez-Villalobos.png","jetpack_sharing_enabled":true,"_links":{"self":[{"href":"https:\/\/zonaroja.com.mx\/index.php?rest_route=\/wp\/v2\/posts\/5624","targetHints":{"allow":["GET"]}}],"collection":[{"href":"https:\/\/zonaroja.com.mx\/index.php?rest_route=\/wp\/v2\/posts"}],"about":[{"href":"https:\/\/zonaroja.com.mx\/index.php?rest_route=\/wp\/v2\/types\/post"}],"author":[{"embeddable":true,"href":"https:\/\/zonaroja.com.mx\/index.php?rest_route=\/wp\/v2\/users\/2"}],"replies":[{"embeddable":true,"href":"https:\/\/zonaroja.com.mx\/index.php?rest_route=%2Fwp%2Fv2%2Fcomments&post=5624"}],"version-history":[{"count":1,"href":"https:\/\/zonaroja.com.mx\/index.php?rest_route=\/wp\/v2\/posts\/5624\/revisions"}],"predecessor-version":[{"id":5626,"href":"https:\/\/zonaroja.com.mx\/index.php?rest_route=\/wp\/v2\/posts\/5624\/revisions\/5626"}],"wp:featuredmedia":[{"embeddable":true,"href":"https:\/\/zonaroja.com.mx\/index.php?rest_route=\/wp\/v2\/media\/5625"}],"wp:attachment":[{"href":"https:\/\/zonaroja.com.mx\/index.php?rest_route=%2Fwp%2Fv2%2Fmedia&parent=5624"}],"wp:term":[{"taxonomy":"category","embeddable":true,"href":"https:\/\/zonaroja.com.mx\/index.php?rest_route=%2Fwp%2Fv2%2Fcategories&post=5624"},{"taxonomy":"post_tag","embeddable":true,"href":"https:\/\/zonaroja.com.mx\/index.php?rest_route=%2Fwp%2Fv2%2Ftags&post=5624"}],"curies":[{"name":"wp","href":"https:\/\/api.w.org\/{rel}","templated":true}]}}