{"id":56244,"date":"2023-06-09T15:47:00","date_gmt":"2023-06-09T20:47:00","guid":{"rendered":"http:\/\/www.zonaroja.com.mx\/?p=56244"},"modified":"2023-06-09T08:50:58","modified_gmt":"2023-06-09T13:50:58","slug":"murieron-237-mil-personas-por-violencia-en-el-mundo-en-2022-informe","status":"publish","type":"post","link":"https:\/\/zonaroja.com.mx\/?p=56244","title":{"rendered":"Murieron 237 mil personas por violencia en el mundo en 2022: informe"},"content":{"rendered":"\n<p>Redacci\u00f3n\/Zona Roja Cdmx.<\/p>\n\n\n\n<p>Ciudad de M\u00e9xico, a 9 de junio de 2023.- Al menos 237 mil personas murieron en el mundo a causa de la violencia organizada en 2022, de acuerdo con un nuevo informe del Uppsala Conflict Data Program (UCDP), de la Universidad de Uppsala, Suecia, que muestra que se trata de un aumento de 97 por ciento en comparaci\u00f3n con el a\u00f1o anterior, y la cifra m\u00e1s alta desde el genocidio de Ruanda en 1994.<\/p>\n\n\n\n<p>Nueve de los 10 conflictos no estatales m\u00e1s mort\u00edferos del a\u00f1o se produjeron en M\u00e9xico; la violencia relacionada con las bandas tambi\u00e9n ha aumentado en Brasil, Hait\u00ed, Honduras y El Salvador en los \u00faltimos a\u00f1os, de acuerdo con el estudio publicado en el Journal of Peace Research.<\/p>\n\n\n\n<p>\u201cVemos este aumento a pesar de una considerable desescalada en los dos conflictos m\u00e1s mort\u00edferos de 2021: Yemen y Afganist\u00e1n. En cambio, la violencia en Etiop\u00eda y Ucrania se intensific\u00f3 dr\u00e1sticamente\u201d, explica Shawn Davies, analista principal de UCDP.<\/p>\n\n\n\n<p>(Informaci\u00f3n de Europa Press en \u201cLa Jornada\u201d)<\/p>\n","protected":false},"excerpt":{"rendered":"<p>Redacci\u00f3n\/Zona Roja Cdmx. Ciudad de M\u00e9xico, a 9 de junio de 2023.- Al menos 237&hellip;<\/p>\n","protected":false},"author":2,"featured_media":35761,"comment_status":"closed","ping_status":"open","sticky":false,"template":"","format":"standard","meta":{"_lmt_disableupdate":"","_lmt_disable":"","_jetpack_memberships_contains_paid_content":false,"footnotes":""},"categories":[109,47],"tags":[],"class_list":["post-56244","post","type-post","status-publish","format-standard","has-post-thumbnail","hentry","category-minuto-a-minuto","category-zona-gris"],"jetpack_featured_media_url":"https:\/\/zonaroja.com.mx\/wp-content\/uploads\/2021\/12\/Inseguridad-violencia-incidencia-delictiva-2.jpg","jetpack_sharing_enabled":true,"_links":{"self":[{"href":"https:\/\/zonaroja.com.mx\/index.php?rest_route=\/wp\/v2\/posts\/56244","targetHints":{"allow":["GET"]}}],"collection":[{"href":"https:\/\/zonaroja.com.mx\/index.php?rest_route=\/wp\/v2\/posts"}],"about":[{"href":"https:\/\/zonaroja.com.mx\/index.php?rest_route=\/wp\/v2\/types\/post"}],"author":[{"embeddable":true,"href":"https:\/\/zonaroja.com.mx\/index.php?rest_route=\/wp\/v2\/users\/2"}],"replies":[{"embeddable":true,"href":"https:\/\/zonaroja.com.mx\/index.php?rest_route=%2Fwp%2Fv2%2Fcomments&post=56244"}],"version-history":[{"count":1,"href":"https:\/\/zonaroja.com.mx\/index.php?rest_route=\/wp\/v2\/posts\/56244\/revisions"}],"predecessor-version":[{"id":56245,"href":"https:\/\/zonaroja.com.mx\/index.php?rest_route=\/wp\/v2\/posts\/56244\/revisions\/56245"}],"wp:featuredmedia":[{"embeddable":true,"href":"https:\/\/zonaroja.com.mx\/index.php?rest_route=\/wp\/v2\/media\/35761"}],"wp:attachment":[{"href":"https:\/\/zonaroja.com.mx\/index.php?rest_route=%2Fwp%2Fv2%2Fmedia&parent=56244"}],"wp:term":[{"taxonomy":"category","embeddable":true,"href":"https:\/\/zonaroja.com.mx\/index.php?rest_route=%2Fwp%2Fv2%2Fcategories&post=56244"},{"taxonomy":"post_tag","embeddable":true,"href":"https:\/\/zonaroja.com.mx\/index.php?rest_route=%2Fwp%2Fv2%2Ftags&post=56244"}],"curies":[{"name":"wp","href":"https:\/\/api.w.org\/{rel}","templated":true}]}}