{"id":56248,"date":"2023-06-09T15:22:27","date_gmt":"2023-06-09T20:22:27","guid":{"rendered":"http:\/\/www.zonaroja.com.mx\/?p=56248"},"modified":"2023-06-09T15:25:23","modified_gmt":"2023-06-09T20:25:23","slug":"acusan-proteccion-de-edil-neri-a-heliodoro-caballero-valencia-por-caso-encierro-primavera","status":"publish","type":"post","link":"https:\/\/zonaroja.com.mx\/?p=56248","title":{"rendered":"Acusan protecci\u00f3n de edil Neri a Heliodoro Caballero Valencia, por caso encierro \u201cPrimavera\u201d"},"content":{"rendered":"\n<p>Redacci\u00f3n\/Zona Roja.<\/p>\n\n\n\n<p>Oaxaca de Ju\u00e1rez, Oax., a 9 de junio de 2023.- Trabajadores y ex trabajadores del ayuntamiento de Oaxaca de Ju\u00e1rez y allegados de las personas detenidas por el robo de veh\u00edculos en el encierro \u201cPrimavera\u201d acusaron protecci\u00f3n del edil Francisco Mart\u00ednez Neri al ex secretario de Recursos Materiales, Heliodoro Caballero Valencia.&nbsp;<\/p>\n\n\n\n<p>Y es que ayer la Fiscal\u00eda General del Estado dio a conocer la aprehensi\u00f3n de dos probables involucrados en el saqueo de m\u00e1s de 800 unidades de motor, pero aseguraron que son \u201cchivos expiatorios\u201d.<\/p>\n\n\n\n<p>Los inconformes se\u00f1alaron que los autores materiales son funcionarios de primer nivel del gobierno municipal.&nbsp;<\/p>\n\n\n\n<p>Sin embargo, el presidente Mart\u00ednez Neri opt\u00f3 por dar protecci\u00f3n a Caballero Valencia, pese a que fue uno de los principales operadores de la sustracci\u00f3n y desaparici\u00f3n de m\u00e1s de 800 unidades de motor.<\/p>\n\n\n\n<p>El ahora ex funcionario no figura en las investigaciones del \u00f3rgano interno de control del municipio capitalino ni de la Fiscal\u00eda de Oaxaca, toda vez que fue protegido con su \u00abrenuncia\u00bb, desde los primeros &nbsp;en que se dio a conocer en medios de comunicaci\u00f3n &nbsp;el caso del encierro \u201cPrimavera\u201d.<\/p>\n\n\n\n<p>Para poder argumentar que la administraci\u00f3n que encabeza el edil Francisco Mart\u00ednez Neri ha sido transparente en el caso, decidieron entregar a ex funcionarios menores y quienes en su momento fueron subordinados de Heliodoro Caballero Valencia.<\/p>\n\n\n\n<p>De acuerdo con los reportes que tiene el \u00f3rgano interno de control &nbsp;del ayuntamiento, Caballero Valencia, firm\u00f3 y autoriz\u00f3 movimientos con la anuencia de altos mandos del municipio, entre ellos, el secretario municipal, Francisco Canseco.<\/p>\n\n\n\n<p>Sin embargo, para frenar el esc\u00e1ndalo de corrupci\u00f3n que involucra directamente al primer c\u00edrculo del edil morenista Mart\u00ednez Neri, decidieron inculpar a quienes en su momento fueron sus empleados y dejar impunes &nbsp;a los verdaderos responsables, como el caso de Caballero Valencia a quien cesaron pero para protegerlo.<\/p>\n\n\n\n<p>Con esta acci\u00f3n, buscan blindarse los altos mandos, al pretender que el caso del encierro \u201cPrimavera\u201d quede archivado como un asunto que cometieron trabajadores, sin el consentimiento de sus jefes.<\/p>\n\n\n\n<p>No obstante, fuentes internas se\u00f1alan que el esc\u00e1ndalo de corrupci\u00f3n en la administraci\u00f3n de Mart\u00ednez Neri, surgi\u00f3 tras  un conflicto entre la s\u00edndica Nancy Mota y el secretario municipal, Felipe Canseco, lo que ha desencadenado que se ventilen una serie de irregularidades en el gobierno morenista.<\/p>\n","protected":false},"excerpt":{"rendered":"<p>Redacci\u00f3n\/Zona Roja. Oaxaca de Ju\u00e1rez, Oax., a 9 de junio de 2023.- Trabajadores y ex&hellip;<\/p>\n","protected":false},"author":2,"featured_media":46126,"comment_status":"closed","ping_status":"open","sticky":false,"template":"","format":"standard","meta":{"_lmt_disableupdate":"","_lmt_disable":"","_jetpack_memberships_contains_paid_content":false,"footnotes":""},"categories":[109,47],"tags":[],"class_list":["post-56248","post","type-post","status-publish","format-standard","has-post-thumbnail","hentry","category-minuto-a-minuto","category-zona-gris"],"jetpack_featured_media_url":"https:\/\/zonaroja.com.mx\/wp-content\/uploads\/2022\/09\/Heliodoro-Caballero-Valencia.jpeg","jetpack_sharing_enabled":true,"_links":{"self":[{"href":"https:\/\/zonaroja.com.mx\/index.php?rest_route=\/wp\/v2\/posts\/56248","targetHints":{"allow":["GET"]}}],"collection":[{"href":"https:\/\/zonaroja.com.mx\/index.php?rest_route=\/wp\/v2\/posts"}],"about":[{"href":"https:\/\/zonaroja.com.mx\/index.php?rest_route=\/wp\/v2\/types\/post"}],"author":[{"embeddable":true,"href":"https:\/\/zonaroja.com.mx\/index.php?rest_route=\/wp\/v2\/users\/2"}],"replies":[{"embeddable":true,"href":"https:\/\/zonaroja.com.mx\/index.php?rest_route=%2Fwp%2Fv2%2Fcomments&post=56248"}],"version-history":[{"count":1,"href":"https:\/\/zonaroja.com.mx\/index.php?rest_route=\/wp\/v2\/posts\/56248\/revisions"}],"predecessor-version":[{"id":56249,"href":"https:\/\/zonaroja.com.mx\/index.php?rest_route=\/wp\/v2\/posts\/56248\/revisions\/56249"}],"wp:featuredmedia":[{"embeddable":true,"href":"https:\/\/zonaroja.com.mx\/index.php?rest_route=\/wp\/v2\/media\/46126"}],"wp:attachment":[{"href":"https:\/\/zonaroja.com.mx\/index.php?rest_route=%2Fwp%2Fv2%2Fmedia&parent=56248"}],"wp:term":[{"taxonomy":"category","embeddable":true,"href":"https:\/\/zonaroja.com.mx\/index.php?rest_route=%2Fwp%2Fv2%2Fcategories&post=56248"},{"taxonomy":"post_tag","embeddable":true,"href":"https:\/\/zonaroja.com.mx\/index.php?rest_route=%2Fwp%2Fv2%2Ftags&post=56248"}],"curies":[{"name":"wp","href":"https:\/\/api.w.org\/{rel}","templated":true}]}}