{"id":56251,"date":"2023-06-09T16:57:27","date_gmt":"2023-06-09T21:57:27","guid":{"rendered":"http:\/\/www.zonaroja.com.mx\/?p=56251"},"modified":"2023-06-09T16:57:28","modified_gmt":"2023-06-09T21:57:28","slug":"avances-minimos-en-mesas-de-negociacion-luego-de-tres-dias-seccion-22","status":"publish","type":"post","link":"https:\/\/zonaroja.com.mx\/?p=56251","title":{"rendered":"Avances m\u00ednimos en mesas de negociaci\u00f3n, luego de tres d\u00edas: Secci\u00f3n 22"},"content":{"rendered":"\n<p>Yuridiana Sosa\/Zona Roja.<\/p>\n\n\n\n<p>Oaxaca de Ju\u00e1rez, Oax., a 9 de junio de 2023.- La Secci\u00f3n 22 del SNTE calific\u00f3 como insuficientes las respuestas por parte del gobierno federal en la mesa de justicia social de hoy, por lo que ser\u00e1n sometidas a las bases para determinar otras acciones de protesta, o no, por la falta de soluciones.<\/p>\n\n\n\n<p>Desde la Ciudad de M\u00e9xico, la secretar\u00eda General de la gremial adherida a la Coordinadora Nacional de Trabajadores de la Educaci\u00f3n (CNTE), Yenny Aracely P\u00e9rez Mart\u00ednez, inform\u00f3 al movimiento magistral que no hubo respuestas puntuales a sus planteamientos y se careci\u00f3 de la presencia de autoridades con car\u00e1cter resolutivo.<\/p>\n\n\n\n<p>\u201cLas respuestas puntuales son pocas, m\u00ednimas; son insuficientes\u201d, manifest\u00f3 la dirigente, quien confi\u00f3 en el criterio posterior del movimiento para la toma de decisiones sobre los avances alcanzados en las mesas de di\u00e1logo.<\/p>\n\n\n\n<p>ESCASOS LOGROS<\/p>\n\n\n\n<p>Entre los avances que se alcanzaron, dijo, se encuentra la devoluci\u00f3n de la fianza que pag\u00f3 en su momento el ex l\u00edder de la Secci\u00f3n 22, Rub\u00e9n N\u00fa\u00f1ez Ginez, a favor de su esposa, la cual supuestamente, se realizar\u00e1 en 15 d\u00edas.<\/p>\n\n\n\n<p>A trav\u00e9s de la Unidad de Inteligencia Financiera y la Comisi\u00f3n Nacional Bancaria y de Valores se dio a conocer que en ocho d\u00edas se restablecer\u00e1 el manejo de las cuentas correspondientes de N\u00fa\u00f1ez Ginez.<\/p>\n\n\n\n<p>As\u00ed tambi\u00e9n se demand\u00f3 a la Fiscal\u00eda General de la Rep\u00fablica el desistimiento de algunos casos, los cuales ser\u00e1n analizados por la dependencia para determinar cu\u00e1les y cu\u00e1ntos podr\u00edan ser beneficiados.<\/p>\n\n\n\n<p>Sobre la reparaci\u00f3n de da\u00f1os,&nbsp;el 13 de junio&nbsp;se agend\u00f3 una cita en Oaxaca con la CNDH.<\/p>\n\n\n\n<p>En tanto que&nbsp;este viernes, en una segunda reuni\u00f3n, la Secci\u00f3n 22 asistir\u00e1 a una mesa de di\u00e1logo de seguridad social.<\/p>\n\n\n\n<p>En la mesa, anunciaron, no estar\u00e1n presentes las autoridades de alto nivel con car\u00e1cter resolutivo como lo solicitaron, sin embargo, asistir\u00e1n como muestra de su voluntad pol\u00edtica.<\/p>\n\n\n\n<p>Pero de no encontrar respuestas favorables se anunciar\u00e1 a las bases movilizadas, indic\u00f3 P\u00e9rez Mart\u00ednez.<\/p>\n\n\n\n<p>Respecto a la mesa en materia educativa, que finaliz\u00f3 cerca&nbsp;de las 03:00&nbsp;horas de&nbsp;este viernes, el IEEPO se comprometi\u00f3 a informar del total de plazas vacantes el pr\u00f3ximo&nbsp;20 de junio.<\/p>\n\n\n\n<p>De no ser suficientes para la demanda de la Secci\u00f3n 22, la SEP prometi\u00f3 realizar los procedimientos necesarios para garantizar la contrataci\u00f3n que se requiere.<\/p>\n\n\n\n<p>PROTESTA<\/p>\n\n\n\n<p>Por tercer d\u00eda consecutivo, la Secci\u00f3n 22 del SNTE mantuvo su paro laboral, que incluy\u00f3 bloqueos en la capital y zona conurbada, as\u00ed como un reducido \u201cplant\u00f3n\u201d en la capital del estado.<\/p>\n\n\n\n<p>Como medida de presi\u00f3n,&nbsp;este viernes&nbsp;bloquearon el acceso al Aeropuerto Internacional \u201cBenito Ju\u00e1rez\u201d, en jurisdicci\u00f3n de Santa Cruz Xoxocotl\u00e1n, con el cierre de la vialidad sobre la carretera federal 175 que conduce a la regi\u00f3n de la Costa.<\/p>\n\n\n\n<p>Desde temprana hora, cientos de trabajadores de la educaci\u00f3n \u201ctomaron\u201d dos terminales de autobuses ADO, lo que increment\u00f3 la afectaci\u00f3n para los usuarios; as\u00ed tambi\u00e9n bloquearon la calzada H\u00e9roes de Chapultepec, frente a la terminal principal.<\/p>\n\n\n\n<p>Cerca de las 16:00 horas comenzaron a retirar los bloqueos y se concentraron en el z\u00f3calo capitalino, para posteriormente iniciar el regreso a sus respectivas comunidades donde laboran. <\/p>\n\n\n\n<p><\/p>\n\n\n\n<p><\/p>\n\n\n\n<p><\/p>\n","protected":false},"excerpt":{"rendered":"<p>Yuridiana Sosa\/Zona Roja. Oaxaca de Ju\u00e1rez, Oax., a 9 de junio de 2023.- La Secci\u00f3n&hellip;<\/p>\n","protected":false},"author":2,"featured_media":56250,"comment_status":"closed","ping_status":"open","sticky":false,"template":"","format":"standard","meta":{"_lmt_disableupdate":"","_lmt_disable":"","_jetpack_memberships_contains_paid_content":false,"footnotes":""},"categories":[109,47],"tags":[],"class_list":["post-56251","post","type-post","status-publish","format-standard","has-post-thumbnail","hentry","category-minuto-a-minuto","category-zona-gris"],"jetpack_featured_media_url":"https:\/\/zonaroja.com.mx\/wp-content\/uploads\/2023\/06\/646c3960-206a-4910-8d75-3953b5aafcc1.jpg","jetpack_sharing_enabled":true,"_links":{"self":[{"href":"https:\/\/zonaroja.com.mx\/index.php?rest_route=\/wp\/v2\/posts\/56251","targetHints":{"allow":["GET"]}}],"collection":[{"href":"https:\/\/zonaroja.com.mx\/index.php?rest_route=\/wp\/v2\/posts"}],"about":[{"href":"https:\/\/zonaroja.com.mx\/index.php?rest_route=\/wp\/v2\/types\/post"}],"author":[{"embeddable":true,"href":"https:\/\/zonaroja.com.mx\/index.php?rest_route=\/wp\/v2\/users\/2"}],"replies":[{"embeddable":true,"href":"https:\/\/zonaroja.com.mx\/index.php?rest_route=%2Fwp%2Fv2%2Fcomments&post=56251"}],"version-history":[{"count":1,"href":"https:\/\/zonaroja.com.mx\/index.php?rest_route=\/wp\/v2\/posts\/56251\/revisions"}],"predecessor-version":[{"id":56252,"href":"https:\/\/zonaroja.com.mx\/index.php?rest_route=\/wp\/v2\/posts\/56251\/revisions\/56252"}],"wp:featuredmedia":[{"embeddable":true,"href":"https:\/\/zonaroja.com.mx\/index.php?rest_route=\/wp\/v2\/media\/56250"}],"wp:attachment":[{"href":"https:\/\/zonaroja.com.mx\/index.php?rest_route=%2Fwp%2Fv2%2Fmedia&parent=56251"}],"wp:term":[{"taxonomy":"category","embeddable":true,"href":"https:\/\/zonaroja.com.mx\/index.php?rest_route=%2Fwp%2Fv2%2Fcategories&post=56251"},{"taxonomy":"post_tag","embeddable":true,"href":"https:\/\/zonaroja.com.mx\/index.php?rest_route=%2Fwp%2Fv2%2Ftags&post=56251"}],"curies":[{"name":"wp","href":"https:\/\/api.w.org\/{rel}","templated":true}]}}