{"id":56253,"date":"2023-06-09T19:40:51","date_gmt":"2023-06-10T00:40:51","guid":{"rendered":"http:\/\/www.zonaroja.com.mx\/?p=56253"},"modified":"2023-06-09T19:40:54","modified_gmt":"2023-06-10T00:40:54","slug":"terrible-asesinan-y-calcinan-a-una-anciana-en-comunidad-de-oaxaca","status":"publish","type":"post","link":"https:\/\/zonaroja.com.mx\/?p=56253","title":{"rendered":"Terrible: asesinan y calcinan a una anciana en comunidad de Oaxaca"},"content":{"rendered":"\n<p>Ismael Garc\u00eda M.\/Zona Roja.<\/p>\n\n\n\n<p>Oaxaca de Ju\u00e1rez, Oax., 9 de junio de 2023.- Los cr\u00edmenes en Oaxaca son cada vez con mayor sa\u00f1a en contra de las mujeres y los menores de edad.<\/p>\n\n\n\n<p>Este d\u00eda, autoridades confirmaron que una persona del sexo femenino fue asesinada en Santiago Ihuitl\u00e1n Plumas, municipio de la regi\u00f3n Mixteca del estado, y su cuerpo fue incinerado en un tambo.<\/p>\n\n\n\n<p>De acuerdo con los reportes policiacos, la v\u00edctima fue identificada como Lucila M. S., de 87 a\u00f1os de edad, cuyo cuerpo fue localizado a media semana en el interior de su vivienda.<\/p>\n\n\n\n<p>Seg\u00fan datos que proporcion\u00f3 el s\u00edndico a la autoridad estatal, el cuerpo fue echado a un tambo met\u00e1lico y luego le prendieron fuego; hasta el momento se desconocen las causas del ataque.<\/p>\n\n\n\n<p>Personal de la Vicefiscal\u00eda Regional de Justicia en la Mixteca acudi\u00f3 a la zona para iniciar las investigaciones correspondiente, bajo los protocolos de feminicidio.<\/p>\n","protected":false},"excerpt":{"rendered":"<p>Ismael Garc\u00eda M.\/Zona Roja. Oaxaca de Ju\u00e1rez, Oax., 9 de junio de 2023.- Los cr\u00edmenes&hellip;<\/p>\n","protected":false},"author":2,"featured_media":56254,"comment_status":"closed","ping_status":"open","sticky":false,"template":"","format":"standard","meta":{"_lmt_disableupdate":"","_lmt_disable":"","_jetpack_memberships_contains_paid_content":false,"footnotes":""},"categories":[109,51],"tags":[3577],"class_list":["post-56253","post","type-post","status-publish","format-standard","has-post-thumbnail","hentry","category-minuto-a-minuto","category-zona-roja","tag-santiago-ihuitlan-plumas"],"jetpack_featured_media_url":"https:\/\/zonaroja.com.mx\/wp-content\/uploads\/2023\/06\/Ihuitlan-Plumas.jpeg","jetpack_sharing_enabled":true,"_links":{"self":[{"href":"https:\/\/zonaroja.com.mx\/index.php?rest_route=\/wp\/v2\/posts\/56253","targetHints":{"allow":["GET"]}}],"collection":[{"href":"https:\/\/zonaroja.com.mx\/index.php?rest_route=\/wp\/v2\/posts"}],"about":[{"href":"https:\/\/zonaroja.com.mx\/index.php?rest_route=\/wp\/v2\/types\/post"}],"author":[{"embeddable":true,"href":"https:\/\/zonaroja.com.mx\/index.php?rest_route=\/wp\/v2\/users\/2"}],"replies":[{"embeddable":true,"href":"https:\/\/zonaroja.com.mx\/index.php?rest_route=%2Fwp%2Fv2%2Fcomments&post=56253"}],"version-history":[{"count":1,"href":"https:\/\/zonaroja.com.mx\/index.php?rest_route=\/wp\/v2\/posts\/56253\/revisions"}],"predecessor-version":[{"id":56255,"href":"https:\/\/zonaroja.com.mx\/index.php?rest_route=\/wp\/v2\/posts\/56253\/revisions\/56255"}],"wp:featuredmedia":[{"embeddable":true,"href":"https:\/\/zonaroja.com.mx\/index.php?rest_route=\/wp\/v2\/media\/56254"}],"wp:attachment":[{"href":"https:\/\/zonaroja.com.mx\/index.php?rest_route=%2Fwp%2Fv2%2Fmedia&parent=56253"}],"wp:term":[{"taxonomy":"category","embeddable":true,"href":"https:\/\/zonaroja.com.mx\/index.php?rest_route=%2Fwp%2Fv2%2Fcategories&post=56253"},{"taxonomy":"post_tag","embeddable":true,"href":"https:\/\/zonaroja.com.mx\/index.php?rest_route=%2Fwp%2Fv2%2Ftags&post=56253"}],"curies":[{"name":"wp","href":"https:\/\/api.w.org\/{rel}","templated":true}]}}