{"id":56259,"date":"2023-06-09T22:52:04","date_gmt":"2023-06-10T03:52:04","guid":{"rendered":"http:\/\/www.zonaroja.com.mx\/?p=56259"},"modified":"2023-06-09T22:52:10","modified_gmt":"2023-06-10T03:52:10","slug":"ejecutan-a-individuo-en-huajuapan-balean-a-otro-en-tehuantepec","status":"publish","type":"post","link":"https:\/\/zonaroja.com.mx\/?p=56259","title":{"rendered":"Ejecutan a individuo en Huajuapan; balean a otro en Tehuantepec"},"content":{"rendered":"\n<p>Ismael Garc\u00eda M.\/Zona Roja.<\/p>\n\n\n\n<p>Oaxaca de Ju\u00e1rez, Oax., a 9 de junio de 2023.- La ola de violencia en Oaxaca dej\u00f3 como saldo este viernes una persona ejecutada a balazos y dos m\u00e1s lesionadas, en hechos distintos.<\/p>\n\n\n\n<p>Esta noche, en la calle Ignacio Zaragoza de Huajuapan de Le\u00f3n, municipio de la regi\u00f3n Mixteca, fueron atacados a balazos dos ocupantes de una motocicleta.<\/p>\n\n\n\n<p>Uno de ellos perdi\u00f3 la vida en el lugar y hasta el momento s\u00f3lo ha sido identificado como \u201cEl Popeye\u201d, de aproximadamente 53 a\u00f1os de edad, y otro m\u00e1s result\u00f3 lesionado.<\/p>\n\n\n\n<p>Personal de la Vicefiscal\u00eda Regional de la Mixteca arrib\u00f3 al lugar para iniciar las indagatorias correspondientes.<\/p>\n\n\n\n<p>Por otra parte, en Santo Domingo Tehuantepec, regi\u00f3n del Istmo, un individuo fue atacado a balazos, cuando transitaba a bordo de una motoneta en un fraccionamiento del barrio Tagolaba.<\/p>\n\n\n\n<p>El hombre fue auxiliado por sus familiares y trasladado a un hospital; cuando la polic\u00eda municipal ya no estaba el cuerpo, por lo cual acudi\u00f3 a buscar la cl\u00ednica en que se hallaba, en lugar de efectuar operativos para buscar al o los agresores.<\/p>\n\n\n\n<p>MUERTOS POR ACCIDENTE<\/p>\n\n\n\n<p>Por otra parte, una persona, al parecer en situaci\u00f3n de indigencia, muri\u00f3 la tarde de hoy en la ciudad de Oaxaca, al electrocutarse con un transformador de energ\u00eda el\u00e9ctrica.<\/p>\n\n\n\n<p>De acuerdo con las primeras versiones, el hombre salt\u00f3 la reja e ingres\u00f3 a la subestaci\u00f3n de la Comisi\u00f3n Federal de Electricidad (CFE), ubicada en el Perif\u00e9rico, entre Armenta y L\u00f3pez y Fiallo, pero cay\u00f3 junto a un aparato y de inmediato recibi\u00f3 una descarga.<\/p>\n\n\n\n<p>Personal del Heroico Cuerpo de Bomberos arrib\u00f3 al sitio para atender a la v\u00edctima, pero corrobor\u00f3 que ya no contaba con signos vitales.<\/p>\n\n\n\n<p>Mientras tanto, en la comunidad de la Junta de Tres R\u00edos, Sitio de Santiago, Ocotl\u00e1n, una camioneta fue arrastrada anoche por la corriente de un r\u00edo, con al menos dos ocupantes.<\/p>\n\n\n\n<p>Hoy por la ma\u00f1ana, tras recorridos de b\u00fasqueda por parte de los pobladores y autoridades locales, fue localizado el cuerpo de uno de ellos.<\/p>\n","protected":false},"excerpt":{"rendered":"<p>Ismael Garc\u00eda M.\/Zona Roja. Oaxaca de Ju\u00e1rez, Oax., a 9 de junio de 2023.- La&hellip;<\/p>\n","protected":false},"author":2,"featured_media":56260,"comment_status":"closed","ping_status":"open","sticky":false,"template":"","format":"standard","meta":{"_lmt_disableupdate":"","_lmt_disable":"","_jetpack_memberships_contains_paid_content":false,"footnotes":""},"categories":[109,51],"tags":[594],"class_list":["post-56259","post","type-post","status-publish","format-standard","has-post-thumbnail","hentry","category-minuto-a-minuto","category-zona-roja","tag-huajuapan-de-leon"],"jetpack_featured_media_url":"https:\/\/zonaroja.com.mx\/wp-content\/uploads\/2023\/06\/Ejecutado-Huajuapan-de-Leon.jpg","jetpack_sharing_enabled":true,"_links":{"self":[{"href":"https:\/\/zonaroja.com.mx\/index.php?rest_route=\/wp\/v2\/posts\/56259","targetHints":{"allow":["GET"]}}],"collection":[{"href":"https:\/\/zonaroja.com.mx\/index.php?rest_route=\/wp\/v2\/posts"}],"about":[{"href":"https:\/\/zonaroja.com.mx\/index.php?rest_route=\/wp\/v2\/types\/post"}],"author":[{"embeddable":true,"href":"https:\/\/zonaroja.com.mx\/index.php?rest_route=\/wp\/v2\/users\/2"}],"replies":[{"embeddable":true,"href":"https:\/\/zonaroja.com.mx\/index.php?rest_route=%2Fwp%2Fv2%2Fcomments&post=56259"}],"version-history":[{"count":1,"href":"https:\/\/zonaroja.com.mx\/index.php?rest_route=\/wp\/v2\/posts\/56259\/revisions"}],"predecessor-version":[{"id":56261,"href":"https:\/\/zonaroja.com.mx\/index.php?rest_route=\/wp\/v2\/posts\/56259\/revisions\/56261"}],"wp:featuredmedia":[{"embeddable":true,"href":"https:\/\/zonaroja.com.mx\/index.php?rest_route=\/wp\/v2\/media\/56260"}],"wp:attachment":[{"href":"https:\/\/zonaroja.com.mx\/index.php?rest_route=%2Fwp%2Fv2%2Fmedia&parent=56259"}],"wp:term":[{"taxonomy":"category","embeddable":true,"href":"https:\/\/zonaroja.com.mx\/index.php?rest_route=%2Fwp%2Fv2%2Fcategories&post=56259"},{"taxonomy":"post_tag","embeddable":true,"href":"https:\/\/zonaroja.com.mx\/index.php?rest_route=%2Fwp%2Fv2%2Ftags&post=56259"}],"curies":[{"name":"wp","href":"https:\/\/api.w.org\/{rel}","templated":true}]}}