{"id":56264,"date":"2023-06-10T10:30:00","date_gmt":"2023-06-10T15:30:00","guid":{"rendered":"http:\/\/www.zonaroja.com.mx\/?p=56264"},"modified":"2023-06-10T08:10:46","modified_gmt":"2023-06-10T13:10:46","slug":"fortalece-dif-de-xoxocotlan-labor-por-la-salud-de-las-familias","status":"publish","type":"post","link":"https:\/\/zonaroja.com.mx\/?p=56264","title":{"rendered":"Fortalece DIF de Xoxocotl\u00e1n labor por la salud de las familias"},"content":{"rendered":"\n<p>Redacci\u00f3n\/Zona Roja.<\/p>\n\n\n\n<p>Oaxaca de Ju\u00e1rez, Oax., a 10 de junio de junio de 2023.- Para cumplir el compromiso del presidente municipal de Santa Cruz Xoxocotl\u00e1n, Inocente Castellanos Alejos, de trabajar en beneficio de los sectores m\u00e1s vulnerables, el DIF Municipal, presidido por Eric Enmanuel Ortiz Hern\u00e1ndez, puso en marcha acciones dirigidas a la atenci\u00f3n de la salud de ni\u00f1as, ni\u00f1os y personas de la tercera edad.<\/p>\n\n\n\n<p>En ese sentido durante cuatro d\u00edas consecutivos, la instituci\u00f3n implement\u00f3 dos jornadas: la primera dirigida a la poblaci\u00f3n en general y relacionada a la aplicaci\u00f3n y refuerzo de la vacuna contra el Covid-19 y la segunda la de Tamiz Auditivo dirigido a la poblaci\u00f3n infantil de entre 0 y seis a\u00f1os.<\/p>\n\n\n\n<p>Ambas acciones se realizaron durante esta semana en el parque municipal, y en ellas, se atendieron a alrededor de 200 personas de distintas edades.<\/p>\n\n\n\n<p>En el caso de los ni\u00f1os y ni\u00f1as se aplicaron las vacunas de Neumococo, Rotavirus, Pentavalente, BCG, DPT y SRP.<\/p>\n\n\n\n<p>En colaboraci\u00f3n con el Centro Oaxaque\u00f1o de Rehabilitaci\u00f3n de Audici\u00f3n y Lenguaje (CORAL), se realiz\u00f3 la Jornada de Tamiz Auditivo para ni\u00f1as y ni\u00f1os de 0 a 6 a\u00f1os, servicio completamente gratuito en beneficio de las familias xoxe\u00f1as.&nbsp;<\/p>\n\n\n\n<p>\u201cEstoy muy contento de trabajar de la mano con el centro CORAL, quienes otorgaron este importante servicio m\u00e9dico que muchas veces las madres y padres de familia no pueden pagar por el alto costo\u201d, se\u00f1al\u00f3 el presidente honorario del DIF municipal.&nbsp;<\/p>\n\n\n\n<p>Eric Ortiz Hern\u00e1ndez reiter\u00f3 el compromiso del edil, Chente Castellanos, por atender las causas de la poblaci\u00f3n que m\u00e1s lo necesita y, a trav\u00e9s del DIF Municipal, impulsar programas asistenciales que cubran las necesidades b\u00e1sicas de los grupos de mayor vulnerabilidad.<\/p>\n","protected":false},"excerpt":{"rendered":"<p>Redacci\u00f3n\/Zona Roja. Oaxaca de Ju\u00e1rez, Oax., a 10 de junio de junio de 2023.- Para&hellip;<\/p>\n","protected":false},"author":2,"featured_media":56268,"comment_status":"closed","ping_status":"open","sticky":false,"template":"","format":"standard","meta":{"_lmt_disableupdate":"","_lmt_disable":"","_jetpack_memberships_contains_paid_content":false,"footnotes":""},"categories":[109,46],"tags":[133],"class_list":["post-56264","post","type-post","status-publish","format-standard","has-post-thumbnail","hentry","category-minuto-a-minuto","category-zona-blanca","tag-santa-cruz-xoxocotlan"],"jetpack_featured_media_url":"https:\/\/zonaroja.com.mx\/wp-content\/uploads\/2023\/06\/DiF-Xoxocotlan.jpg","jetpack_sharing_enabled":true,"_links":{"self":[{"href":"https:\/\/zonaroja.com.mx\/index.php?rest_route=\/wp\/v2\/posts\/56264","targetHints":{"allow":["GET"]}}],"collection":[{"href":"https:\/\/zonaroja.com.mx\/index.php?rest_route=\/wp\/v2\/posts"}],"about":[{"href":"https:\/\/zonaroja.com.mx\/index.php?rest_route=\/wp\/v2\/types\/post"}],"author":[{"embeddable":true,"href":"https:\/\/zonaroja.com.mx\/index.php?rest_route=\/wp\/v2\/users\/2"}],"replies":[{"embeddable":true,"href":"https:\/\/zonaroja.com.mx\/index.php?rest_route=%2Fwp%2Fv2%2Fcomments&post=56264"}],"version-history":[{"count":1,"href":"https:\/\/zonaroja.com.mx\/index.php?rest_route=\/wp\/v2\/posts\/56264\/revisions"}],"predecessor-version":[{"id":56269,"href":"https:\/\/zonaroja.com.mx\/index.php?rest_route=\/wp\/v2\/posts\/56264\/revisions\/56269"}],"wp:featuredmedia":[{"embeddable":true,"href":"https:\/\/zonaroja.com.mx\/index.php?rest_route=\/wp\/v2\/media\/56268"}],"wp:attachment":[{"href":"https:\/\/zonaroja.com.mx\/index.php?rest_route=%2Fwp%2Fv2%2Fmedia&parent=56264"}],"wp:term":[{"taxonomy":"category","embeddable":true,"href":"https:\/\/zonaroja.com.mx\/index.php?rest_route=%2Fwp%2Fv2%2Fcategories&post=56264"},{"taxonomy":"post_tag","embeddable":true,"href":"https:\/\/zonaroja.com.mx\/index.php?rest_route=%2Fwp%2Fv2%2Ftags&post=56264"}],"curies":[{"name":"wp","href":"https:\/\/api.w.org\/{rel}","templated":true}]}}