{"id":5627,"date":"2019-11-11T07:29:01","date_gmt":"2019-11-11T13:29:01","guid":{"rendered":"http:\/\/www.zonaroja.com.mx\/?p=5627"},"modified":"2019-11-11T07:29:04","modified_gmt":"2019-11-11T13:29:04","slug":"avanzan-acuerdos-entre-el-ieepo-y-la-seccion-22-del-snte","status":"publish","type":"post","link":"https:\/\/zonaroja.com.mx\/?p=5627","title":{"rendered":"Avanzan acuerdos entre el IEEPO y la Secci\u00f3n 22 del SNTE"},"content":{"rendered":"\n<p>Redacci\u00f3n\/Zona\nRoja.<\/p>\n\n\n\n<p>Oaxaca\nde Ju\u00e1rez, Oax., 11 de noviembre de 2019.- Este fin de semana continuaron las\nreuniones y acuerdos entre la dirigencia de la Secci\u00f3n 22 del SNTE y el\nInstituto Estatal de Educaci\u00f3n P\u00fablica de Oaxaca (IEEPO).<\/p>\n\n\n\n<p>El\nsecretario General y de Organizaci\u00f3n, Eloy L\u00f3pez Hern\u00e1ndez y Genaro Mart\u00ednez\nMorales respectivamente, presidieron el encuentro con el director general del\nInstituto Francisco \u00c1ngel Villarreal.<\/p>\n\n\n\n<p>En\nel encuentro, donde asistieron tambi\u00e9n el enlace de la Comisi\u00f3n Pol\u00edtica del\nnivel de primarias, Servando Amador Cavanzo y el titular de la Secretar\u00eda de\nTrabajos y Conflictos de la Secci\u00f3n 22 del SNTE, Gersa\u00edn \u00c1ngel Filio Cruz; el responsable\ndel IEEPO recibi\u00f3 las solicitudes de los Supervisores y Jefes de Sector de\nEducaci\u00f3n Primaria General, encabezado por el profesor Erangelio Mendoza\nGonz\u00e1lez.<\/p>\n\n\n\n<p>Al\nrespecto, el IEEPO indic\u00f3 que se prepara para la atenci\u00f3n de los puntos\nexpuestos en el documento, siempre de manera coordinada y mediante las estructuras\norganizativas de la dirigencia magisterial y sus representantes, de tal forma\nque junto con todos los dem\u00e1s niveles,&nbsp;\nse integre un planteamiento \u00fanico que ser\u00e1 presentado, a trav\u00e9s de la\nrepresentaci\u00f3n sindical, en las mesas tripartitas que se sostienen con el\nIEEPO, la Secci\u00f3n 22 y el Gobierno Federal. <\/p>\n\n\n\n<p>\u201cLo\nanterior, en atenci\u00f3n a la nueva pol\u00edtica de di\u00e1logo que el presidente de la\nRep\u00fablica, Andr\u00e9s Manuel L\u00f3pez Obrador, ha establecido con el magisterio y como\nlo ha manifestado en las audiencias que para escucharlos de manera directa,\nencabeza de forma frecuente en Palacio Nacional, en la Ciudad de M\u00e9xic\u201d, expuso\nen un comunicado <\/p>\n\n\n\n<p>A\u00f1adi\u00f3\nque en Oaxaca, el gobernador Alejandro Murat Hinojosa ha manifestado ser el\nmejor aliado de las y los maestros, por lo cual todas las demandas justas ser\u00e1n\napoyadas en su gesti\u00f3n siempre y cuando se encuentren dentro del marco\nnormativo y presupuestal autorizado por la Secretar\u00eda de Educaci\u00f3n P\u00fablica\n(SEP).<\/p>\n\n\n\n<p>Derivado\nde este ejercicio democr\u00e1tico con la dirigencia magisterial para lograr consensos\nmediante el di\u00e1logo abierto y constructivo en la atenci\u00f3n de los planteamientos\nde supervisores y jefes de sector de Educaci\u00f3n Primaria General, el IEEPO\nmanifest\u00f3 a este gremio que de acuerdo con la nueva etapa de di\u00e1logo, apoyo y\napertura de los gobiernos Federal y Estatal, debe hacerse&nbsp; una correcta orientaci\u00f3n en las acciones del\nmagisterio que de verdad fortalezcan la gesti\u00f3n nacional para el logro de sus\ndemandas.<\/p>\n","protected":false},"excerpt":{"rendered":"<p>Redacci\u00f3n\/Zona Roja. Oaxaca de Ju\u00e1rez, Oax., 11 de noviembre de 2019.- Este fin de semana&hellip;<\/p>\n","protected":false},"author":2,"featured_media":5628,"comment_status":"closed","ping_status":"open","sticky":false,"template":"","format":"standard","meta":{"_lmt_disableupdate":"","_lmt_disable":"","_jetpack_memberships_contains_paid_content":false,"footnotes":""},"categories":[109,46],"tags":[599,312],"class_list":["post-5627","post","type-post","status-publish","format-standard","has-post-thumbnail","hentry","category-minuto-a-minuto","category-zona-blanca","tag-instituto-estatal-de-educacion-publica-de-oaxaca","tag-seccion-22-del-snte"],"jetpack_featured_media_url":"https:\/\/zonaroja.com.mx\/wp-content\/uploads\/2019\/11\/2-IEEPO.jpg","jetpack_sharing_enabled":true,"_links":{"self":[{"href":"https:\/\/zonaroja.com.mx\/index.php?rest_route=\/wp\/v2\/posts\/5627","targetHints":{"allow":["GET"]}}],"collection":[{"href":"https:\/\/zonaroja.com.mx\/index.php?rest_route=\/wp\/v2\/posts"}],"about":[{"href":"https:\/\/zonaroja.com.mx\/index.php?rest_route=\/wp\/v2\/types\/post"}],"author":[{"embeddable":true,"href":"https:\/\/zonaroja.com.mx\/index.php?rest_route=\/wp\/v2\/users\/2"}],"replies":[{"embeddable":true,"href":"https:\/\/zonaroja.com.mx\/index.php?rest_route=%2Fwp%2Fv2%2Fcomments&post=5627"}],"version-history":[{"count":1,"href":"https:\/\/zonaroja.com.mx\/index.php?rest_route=\/wp\/v2\/posts\/5627\/revisions"}],"predecessor-version":[{"id":5629,"href":"https:\/\/zonaroja.com.mx\/index.php?rest_route=\/wp\/v2\/posts\/5627\/revisions\/5629"}],"wp:featuredmedia":[{"embeddable":true,"href":"https:\/\/zonaroja.com.mx\/index.php?rest_route=\/wp\/v2\/media\/5628"}],"wp:attachment":[{"href":"https:\/\/zonaroja.com.mx\/index.php?rest_route=%2Fwp%2Fv2%2Fmedia&parent=5627"}],"wp:term":[{"taxonomy":"category","embeddable":true,"href":"https:\/\/zonaroja.com.mx\/index.php?rest_route=%2Fwp%2Fv2%2Fcategories&post=5627"},{"taxonomy":"post_tag","embeddable":true,"href":"https:\/\/zonaroja.com.mx\/index.php?rest_route=%2Fwp%2Fv2%2Ftags&post=5627"}],"curies":[{"name":"wp","href":"https:\/\/api.w.org\/{rel}","templated":true}]}}