{"id":56272,"date":"2023-06-10T08:33:45","date_gmt":"2023-06-10T13:33:45","guid":{"rendered":"http:\/\/www.zonaroja.com.mx\/?p=56272"},"modified":"2023-06-10T08:33:48","modified_gmt":"2023-06-10T13:33:48","slug":"atentado-vs-edil-chiapaneco-deja-3-asesinados-en-morellos-hallan-6-cadaveres","status":"publish","type":"post","link":"https:\/\/zonaroja.com.mx\/?p=56272","title":{"rendered":"Atentado vs. edil chiapaneco deja 3 asesinados; en Morellos hallan 6 cad\u00e1veres"},"content":{"rendered":"\n<p>Redacci\u00f3n\/Zona Roja Cdmx.<\/p>\n\n\n\n<p>Ciudad de M\u00e9xico, a 10 de junio de 2023.- Un atentado en contra del presidente Municioal de La Concordia, Chiapas, Miguel \u00c1ngel C\u00f3rdova, dej\u00f3 como saldo tres personas asesinadas.<\/p>\n\n\n\n<p>El ataque armado ocurri\u00f3 ayer al mediod\u00eda afuera de un plantel educativo, en que sicarios asesinaron a dos escoltas; uno m\u00e1s fue trasladado gravemente herido a un hospital, donde perdi\u00f3 la vida.<\/p>\n\n\n\n<p>El hecho ocurri\u00f3 afuera del \u201cColegio La Paz\u201d, una secundaria privada ubicada en la zona poniente de Tuxtla Guti\u00e9rrez, capital del estado.<\/p>\n\n\n\n<p>Chiapas vive desde hace ya varios meses una serie de actos violentos en varios municipios de la entidad, incluso algunos de sus habitantes han escapado de las zonas del conflicto entre bandas del crimen organizado como el C\u00e1rtel Jalisco Nueva Generaci\u00f3n (CJNG), C\u00e1rtel de Sinaloa (CDS) y otros grupos locales.<\/p>\n\n\n\n<p>A finales del mes de mayo, pobladores de dos localidades del municipio de Frontera Comalapa tuvieron que abandonar sus hogares para ponerse a salvo luego de una serie de enfrentamientos por parte del CJNG y del CDS, las cuales han realizado bloqueos y quema de veh\u00edculos.<\/p>\n\n\n\n<p>FOSA CLANDESTINA<\/p>\n\n\n\n<p>Por otra parte, la Fiscal\u00eda General del Estado de Morelos inform\u00f3 que realizaron un despliegue operativo en una zona de barranca en el municipio de Cuernavaca, paralela al r\u00edo \u201cApatlaco\u201d, para la b\u00fasqueda y localizaci\u00f3n de personas reportadas como desaparecidas, y donde hallaron seis cuerpos.<\/p>\n\n\n\n<p>El operativo se deriv\u00f3 de datos obtenidos por distintos actos de investigaci\u00f3n, personal de la Fiscal\u00eda Especializada en Desaparici\u00f3n Forzada de Personas con Agentes de Investigaci\u00f3n Criminal y de la Coordinaci\u00f3n general de Servicios Periciales.<\/p>\n\n\n\n<p>Se cont\u00f3 con el apoyo de resguardo y vigilancia de elementos de la Guardia Nacional y del Ej\u00e9rcito Mexicano, realiz\u00e1ndose diversos recorridos por la zona.<\/p>\n\n\n\n<p>Se logr\u00f3 la localizaci\u00f3n de indicios que refer\u00edan la presencia de cuerpos al fondo de una barranca de la zona, por lo que personal descendi\u00f3 aproximadamente 20 metros, localizando los restos en estado de descomposici\u00f3n de cinco masculinos y una femenina.<\/p>\n\n\n\n<p>(Informaci\u00f3n de Infobae M\u00e9xico y \u201cEl Financiero\u201d)<\/p>\n","protected":false},"excerpt":{"rendered":"<p>Redacci\u00f3n\/Zona Roja Cdmx. Ciudad de M\u00e9xico, a 10 de junio de 2023.- Un atentado en&hellip;<\/p>\n","protected":false},"author":2,"featured_media":56273,"comment_status":"closed","ping_status":"open","sticky":false,"template":"","format":"standard","meta":{"_lmt_disableupdate":"","_lmt_disable":"","_jetpack_memberships_contains_paid_content":false,"footnotes":""},"categories":[109,51],"tags":[1746],"class_list":["post-56272","post","type-post","status-publish","format-standard","has-post-thumbnail","hentry","category-minuto-a-minuto","category-zona-roja","tag-violencia-en-mexico"],"jetpack_featured_media_url":"https:\/\/zonaroja.com.mx\/wp-content\/uploads\/2023\/06\/Atentado-edil-La-Concordia-Chiapas.jpeg","jetpack_sharing_enabled":true,"_links":{"self":[{"href":"https:\/\/zonaroja.com.mx\/index.php?rest_route=\/wp\/v2\/posts\/56272","targetHints":{"allow":["GET"]}}],"collection":[{"href":"https:\/\/zonaroja.com.mx\/index.php?rest_route=\/wp\/v2\/posts"}],"about":[{"href":"https:\/\/zonaroja.com.mx\/index.php?rest_route=\/wp\/v2\/types\/post"}],"author":[{"embeddable":true,"href":"https:\/\/zonaroja.com.mx\/index.php?rest_route=\/wp\/v2\/users\/2"}],"replies":[{"embeddable":true,"href":"https:\/\/zonaroja.com.mx\/index.php?rest_route=%2Fwp%2Fv2%2Fcomments&post=56272"}],"version-history":[{"count":1,"href":"https:\/\/zonaroja.com.mx\/index.php?rest_route=\/wp\/v2\/posts\/56272\/revisions"}],"predecessor-version":[{"id":56274,"href":"https:\/\/zonaroja.com.mx\/index.php?rest_route=\/wp\/v2\/posts\/56272\/revisions\/56274"}],"wp:featuredmedia":[{"embeddable":true,"href":"https:\/\/zonaroja.com.mx\/index.php?rest_route=\/wp\/v2\/media\/56273"}],"wp:attachment":[{"href":"https:\/\/zonaroja.com.mx\/index.php?rest_route=%2Fwp%2Fv2%2Fmedia&parent=56272"}],"wp:term":[{"taxonomy":"category","embeddable":true,"href":"https:\/\/zonaroja.com.mx\/index.php?rest_route=%2Fwp%2Fv2%2Fcategories&post=56272"},{"taxonomy":"post_tag","embeddable":true,"href":"https:\/\/zonaroja.com.mx\/index.php?rest_route=%2Fwp%2Fv2%2Ftags&post=56272"}],"curies":[{"name":"wp","href":"https:\/\/api.w.org\/{rel}","templated":true}]}}