{"id":56287,"date":"2023-06-10T12:16:00","date_gmt":"2023-06-10T17:16:00","guid":{"rendered":"http:\/\/www.zonaroja.com.mx\/?p=56287"},"modified":"2023-06-10T09:17:50","modified_gmt":"2023-06-10T14:17:50","slug":"incrementa-la-cargada-institucional-a-favor-de-claudia-sheinbaum","status":"publish","type":"post","link":"https:\/\/zonaroja.com.mx\/?p=56287","title":{"rendered":"Incrementa la \u201ccargada\u201d institucional a favor de Claudia Sheinbaum"},"content":{"rendered":"\n<p>Redacci\u00f3n\/Zona Roja Cdmx.<\/p>\n\n\n\n<p>Ciudad de M\u00e9xico, a 10 de junio de 2023.- En v\u00edsperas del Consejo Nacional de Morena para definir el proceso interno de elecci\u00f3n del candidato o candidata presidencial para 2024, siete de los gobernadores de la 4T en funciones y la secretaria de Energ\u00eda, Roc\u00edo Nahle, expresaron anoche, en redes sociales, su respaldo a la jefa de Gobierno de la Ciudad de M\u00e9xico, Claudia Sheinbaum.<\/p>\n\n\n\n<p>\u201cContigo habr\u00e1 continuidad\u201d, se\u00f1al\u00f3 Nahle, en breve mensaje, idea central que las gobernadoras de Colima, Campeche, Guerrero y Quintana Roo, as\u00ed como los mandatarios de Tamaulipas, Oaxaca y Veracruz, compartieron en textos en sus cuentas de Twitter, en las que destacaron la trayectoria de la a\u00fan jefa de Gobierno.<\/p>\n\n\n\n<p>Entre los mensajes m\u00e1s directos estuvo el del tamaulipeco Am\u00e9rico Villarreal. \u201cAdelante, Claudia, cuentas con nosotros. \u00a1Es tiempo de mujeres!\u201d, escribi\u00f3. La situ\u00f3 \u201cen el momento hist\u00f3rico de continuar la gran obra que ha iniciado un presidente excepcional\u201d.<\/p>\n\n\n\n<p>El gobernador de Oaxaca, Salom\u00f3n Jara, resalt\u00f3 que \u201cen M\u00e9xico ya es tiempo de las mujeres\u201d y \u201cestamos listos para que sean ellas quienes conduzcan nuestro proyecto\u201d. Acompa\u00f1\u00f3 el texto con una foto con Sheinbaum. E igual hicieron los dem\u00e1s. \u201cPorque garantiza trabajar con los principios de la 4T, ahora m\u00e1s firmes que nunca\u201d, expuso la mandataria colimense, Indira Vizca\u00edno.<\/p>\n\n\n\n<p>Su compa\u00f1era de Quintana Roo, Mara Lezama, subray\u00f3 que \u201chablar de la transformaci\u00f3n de M\u00e9xico ser\u00eda imposible sin Sheinbaum\u201d; la gobernadora de Guerrero, Evelyn Salgado, public\u00f3 que es una \u201c aliada y amiga\u201d, con una trayectoria de lucha por el bienestar de M\u00e9xico, y la campechana Layda Sansores dijo que tiene \u201cmente brillante y coraz\u00f3n valiente\u201d y agreg\u00f3: \u201cTenemos el mismo l\u00edder y compartimos el mismo sue\u00f1o libertario\u201d.<\/p>\n\n\n\n<p>M\u00e1s cauto, el veracruzano Cuitl\u00e1huac Garc\u00eda manifest\u00f3 que \u201csiendo fieles a los principios de la 4T nos lleva a coincidir en nuestras acciones\u201d.<\/p>\n\n\n\n<p>DESCARTA PROBLEMAS<\/p>\n\n\n\n<p>En conferencia de prensa, Sheinbaum afirm\u00f3 que \u201chay acuerdo\u201d entre todos los participantes en torno a las condiciones en que se realizar\u00e1 la encuesta para definir al candidato presidencial de Morena.<\/p>\n\n\n\n<p>Por ello, su participaci\u00f3n en el Consejo Nacional, a efectuarse ma\u00f1ana, ser\u00e1 un posicionamiento sobre el gobierno del presidente Andr\u00e9s Manuel L\u00f3pez Obrador, lo que representa la continuidad de la Cuarta Transformaci\u00f3n en el pa\u00eds y la unidad por encima de todo.<\/p>\n\n\n\n<p>Al ser interrogada respecto a si en su discurso har\u00e1 propuestas sobre la realizaci\u00f3n de la encuesta, la titular del Ejecutivo local expres\u00f3: \u201cNo, ah\u00ed hay acuerdo, ah\u00ed no va a haber ning\u00fan problema, hay acuerdo de todos los que vamos a participar\u201d.<\/p>\n\n\n\n<p>Agreg\u00f3 que el dirigente de Morena, Mario Delgado, le confirm\u00f3 que quienes aspiran a la candidatura a la Presidencia podr\u00e1n dar un discurso en la sesi\u00f3n, que en el caso de ella ser\u00e1 en torno a los retos que vienen para el futuro de la Cuarta Transformaci\u00f3n del pa\u00eds.<\/p>\n\n\n\n<p>En tanto, la jefa de Gobierno sostuvo ayer reuniones con personal de Participaci\u00f3n Ciudadana para agradecer el trabajo que han llevado a cabo en acciones como la vacunaci\u00f3n contra el covid-19.<\/p>\n\n\n\n<p>Fueron tres actos en las alcald\u00edas Tl\u00e1huac y Venustiano Carranza, en una especie de despedida. \u201cAmor con amor se paga\u201d, escribi\u00f3 en su cuenta de Twitter, en la que public\u00f3 fotos de uno de los encuentros.<\/p>\n\n\n\n<p>(Informaci\u00f3n de \u201cLa Jornada\u201d)<\/p>\n","protected":false},"excerpt":{"rendered":"<p>Redacci\u00f3n\/Zona Roja Cdmx. Ciudad de M\u00e9xico, a 10 de junio de 2023.- En v\u00edsperas del&hellip;<\/p>\n","protected":false},"author":2,"featured_media":50706,"comment_status":"closed","ping_status":"open","sticky":false,"template":"","format":"standard","meta":{"_lmt_disableupdate":"","_lmt_disable":"","_jetpack_memberships_contains_paid_content":false,"footnotes":""},"categories":[109,47],"tags":[3370],"class_list":["post-56287","post","type-post","status-publish","format-standard","has-post-thumbnail","hentry","category-minuto-a-minuto","category-zona-gris","tag-claudia-sheinbaum"],"jetpack_featured_media_url":"https:\/\/zonaroja.com.mx\/wp-content\/uploads\/2023\/01\/Claudia-Sheinbaum-y-Andres-Manuel-Lopez-Obrador.jpg","jetpack_sharing_enabled":true,"_links":{"self":[{"href":"https:\/\/zonaroja.com.mx\/index.php?rest_route=\/wp\/v2\/posts\/56287","targetHints":{"allow":["GET"]}}],"collection":[{"href":"https:\/\/zonaroja.com.mx\/index.php?rest_route=\/wp\/v2\/posts"}],"about":[{"href":"https:\/\/zonaroja.com.mx\/index.php?rest_route=\/wp\/v2\/types\/post"}],"author":[{"embeddable":true,"href":"https:\/\/zonaroja.com.mx\/index.php?rest_route=\/wp\/v2\/users\/2"}],"replies":[{"embeddable":true,"href":"https:\/\/zonaroja.com.mx\/index.php?rest_route=%2Fwp%2Fv2%2Fcomments&post=56287"}],"version-history":[{"count":1,"href":"https:\/\/zonaroja.com.mx\/index.php?rest_route=\/wp\/v2\/posts\/56287\/revisions"}],"predecessor-version":[{"id":56288,"href":"https:\/\/zonaroja.com.mx\/index.php?rest_route=\/wp\/v2\/posts\/56287\/revisions\/56288"}],"wp:featuredmedia":[{"embeddable":true,"href":"https:\/\/zonaroja.com.mx\/index.php?rest_route=\/wp\/v2\/media\/50706"}],"wp:attachment":[{"href":"https:\/\/zonaroja.com.mx\/index.php?rest_route=%2Fwp%2Fv2%2Fmedia&parent=56287"}],"wp:term":[{"taxonomy":"category","embeddable":true,"href":"https:\/\/zonaroja.com.mx\/index.php?rest_route=%2Fwp%2Fv2%2Fcategories&post=56287"},{"taxonomy":"post_tag","embeddable":true,"href":"https:\/\/zonaroja.com.mx\/index.php?rest_route=%2Fwp%2Fv2%2Ftags&post=56287"}],"curies":[{"name":"wp","href":"https:\/\/api.w.org\/{rel}","templated":true}]}}