{"id":56323,"date":"2023-06-11T15:13:24","date_gmt":"2023-06-11T20:13:24","guid":{"rendered":"http:\/\/www.zonaroja.com.mx\/?p=56323"},"modified":"2023-06-11T15:13:27","modified_gmt":"2023-06-11T20:13:27","slug":"en-chiapas-oaxaca-y-michoacan-el-mayor-indice-de-menores-que-trabajan","status":"publish","type":"post","link":"https:\/\/zonaroja.com.mx\/?p=56323","title":{"rendered":"En Chiapas, Oaxaca y Michoac\u00e1n, el mayor \u00edndice de menores que trabajan"},"content":{"rendered":"\n<p>Redacci\u00f3n\/Zona Roja Cdmx.<\/p>\n\n\n\n<p>Ciudad de M\u00e9xico, a 11 de junio de 2023.- \u201cA m\u00ed me gustar\u00eda ser como muchos ni\u00f1os: jugar, divertirme y de grande ser doctora\u201d, cuenta Mar\u00eda, de s\u00f3lo 10 a\u00f1os, que vende dulces en uno de los cruceros al sur de la ciudad y los ofrece en las ventanillas de algunos autos lujosos que circulan por ese lugar.<\/p>\n\n\n\n<p>Ella es muy alegre, pero sus ojos revelan tristeza al recordar que hace un par de a\u00f1os fallecieron sus padres, lo que la oblig\u00f3 a trabajar los fines de semana. Lo hace, asegura, porque \u201cquiero comprarme una mu\u00f1eca y jugar\u201d.<\/p>\n\n\n\n<p>Bajo un sol a plomo que ayer rebas\u00f3 los 30 grados al mediod\u00eda, Mar\u00eda ofrece junto con sus dos hermanos las golosinas mientras la luz del sem\u00e1foro se pone en rojo. Cada uno carga consigo una bolsa o caja de paletas y dicen que logran vender entre 100 y 150 pesos.<\/p>\n\n\n\n<p>La menor comenta que estudia el quinto a\u00f1o de primaria y cuenta con el apoyo de su t\u00eda, con quien vive y le proporciona los recursos \u201cpara comprar mis \u00fatiles y hacer mis tareas\u201d. Sabe que asistir a la escuela de manera constante es la mejor forma de prepararse, pero \u201cluego no nos alcanza\u201d y a veces falta.<\/p>\n\n\n\n<p>Un caso similar es el de Natalia, tambi\u00e9n de 10 a\u00f1os, quien labora en el negocio familiar instalado los fines de semana sobre la banqueta en Torres Lindavista. Ella porta un mandil blanco y su tarea consiste en atender a los comensales, tomar nota de los pedidos y repartirlos.<\/p>\n\n\n\n<p>En ocasiones recibe un rega\u00f1o por \u201cno hacer bien su trabajo\u201d, y en una conversaci\u00f3n comenta que asiste a la escuela, pero \u201cno le entiendo mucho; me gusta m\u00e1s trabajar, ya no quiero estudiar\u201d.<\/p>\n\n\n\n<p>En M\u00e9xico, en los cruceros viales o puentes peatonales, es com\u00fan ver a ni\u00f1as y ni\u00f1os trabajando, pese a que la Constituci\u00f3n lo proh\u00edbe en menores de 15 a\u00f1os. Entre ellos se conocen, comparten la comida, la bebida, y aunque las historias son distintas, tambi\u00e9n son adversas. Se estima que m\u00e1s de 3.3 millones de infantes y adolescentes trabajan en M\u00e9xico, seg\u00fan cifras del Instituto Nacional de Estad\u00edstica y Geograf\u00eda (Inegi) de 2019. A esos datos se suman 180 mil casos a causa de la pandemia de covid-19.<\/p>\n\n\n\n<p>En el contexto del D\u00eda Mundial contra el Trabajo Infantil, que se conmemora este 12 de junio, la organizaci\u00f3n Save The Children public\u00f3 un informe en el que se\u00f1ala que la mayor\u00eda de esos ni\u00f1os y adolescentes empezaron a trabajar entre los seis y nueve a\u00f1os, y 95 por ciento de quienes tienen entre 14 y 17 a\u00f1os trabajan en el sector informal.<\/p>\n\n\n\n<p>El atlas da cuenta de que los estados con las peores condiciones de trabajo infantil son Chiapas, Oaxaca y Zacatecas, donde es com\u00fan \u201cuna combinaci\u00f3n de altas tasas de informalidad laboral, subocupaci\u00f3n y ocupaci\u00f3n en sectores de riesgo\u201d.<\/p>\n\n\n\n<p>Chiapas, Oaxaca y Michoac\u00e1n tienen el mayor \u00edndice de infantes trabajando, y las que registran menos son Baja California Sur, la Ciudad de M\u00e9xico y Nuevo Le\u00f3n. Advierte que entre los sectores que representan un riesgo est\u00e1n la agricultura, la construcci\u00f3n y la manufactura (maquilas).<\/p>\n\n\n\n<p>A escala mundial, 152 millones son explotados como mano de obra infantil y 71 por ciento de ellos trabajan en la agricultura, de acuerdo con la Organizaci\u00f3n Internacional del Trabajo.<\/p>\n\n\n\n<p>(Informaci\u00f3n de \u201cLa Jornada\u201d)<\/p>\n","protected":false},"excerpt":{"rendered":"<p>Redacci\u00f3n\/Zona Roja Cdmx. Ciudad de M\u00e9xico, a 11 de junio de 2023.- \u201cA m\u00ed me&hellip;<\/p>\n","protected":false},"author":2,"featured_media":54670,"comment_status":"closed","ping_status":"open","sticky":false,"template":"","format":"standard","meta":{"_lmt_disableupdate":"","_lmt_disable":"","_jetpack_memberships_contains_paid_content":false,"footnotes":""},"categories":[109,47],"tags":[744],"class_list":["post-56323","post","type-post","status-publish","format-standard","has-post-thumbnail","hentry","category-minuto-a-minuto","category-zona-gris","tag-trabajo-infantil-oaxaca"],"jetpack_featured_media_url":"https:\/\/zonaroja.com.mx\/wp-content\/uploads\/2023\/04\/Explotacion-laboral-trabajo-infantil.webp","jetpack_sharing_enabled":true,"_links":{"self":[{"href":"https:\/\/zonaroja.com.mx\/index.php?rest_route=\/wp\/v2\/posts\/56323","targetHints":{"allow":["GET"]}}],"collection":[{"href":"https:\/\/zonaroja.com.mx\/index.php?rest_route=\/wp\/v2\/posts"}],"about":[{"href":"https:\/\/zonaroja.com.mx\/index.php?rest_route=\/wp\/v2\/types\/post"}],"author":[{"embeddable":true,"href":"https:\/\/zonaroja.com.mx\/index.php?rest_route=\/wp\/v2\/users\/2"}],"replies":[{"embeddable":true,"href":"https:\/\/zonaroja.com.mx\/index.php?rest_route=%2Fwp%2Fv2%2Fcomments&post=56323"}],"version-history":[{"count":1,"href":"https:\/\/zonaroja.com.mx\/index.php?rest_route=\/wp\/v2\/posts\/56323\/revisions"}],"predecessor-version":[{"id":56325,"href":"https:\/\/zonaroja.com.mx\/index.php?rest_route=\/wp\/v2\/posts\/56323\/revisions\/56325"}],"wp:featuredmedia":[{"embeddable":true,"href":"https:\/\/zonaroja.com.mx\/index.php?rest_route=\/wp\/v2\/media\/54670"}],"wp:attachment":[{"href":"https:\/\/zonaroja.com.mx\/index.php?rest_route=%2Fwp%2Fv2%2Fmedia&parent=56323"}],"wp:term":[{"taxonomy":"category","embeddable":true,"href":"https:\/\/zonaroja.com.mx\/index.php?rest_route=%2Fwp%2Fv2%2Fcategories&post=56323"},{"taxonomy":"post_tag","embeddable":true,"href":"https:\/\/zonaroja.com.mx\/index.php?rest_route=%2Fwp%2Fv2%2Ftags&post=56323"}],"curies":[{"name":"wp","href":"https:\/\/api.w.org\/{rel}","templated":true}]}}