{"id":56326,"date":"2023-06-11T16:13:00","date_gmt":"2023-06-11T21:13:00","guid":{"rendered":"http:\/\/www.zonaroja.com.mx\/?p=56326"},"modified":"2023-06-11T15:14:48","modified_gmt":"2023-06-11T20:14:48","slug":"opinion-y-sin-embargo-el-sur-resiste-vii","status":"publish","type":"post","link":"https:\/\/zonaroja.com.mx\/?p=56326","title":{"rendered":"Opini\u00f3n. Y sin embargo, el sur resiste VII"},"content":{"rendered":"\n<p>Diego Enrique Osorno*<\/p>\n\n\n\n<p>Tras 10&nbsp;d\u00edas de andanzas, la caravana El Sur Resiste desembarc\u00f3 en el CIDECI-Universidad de la Tierra, de San Crist\u00f3bal de las Casas, Chiapas, tambi\u00e9n nombrado como Caracol Jacinto Canek por el EZLN. Alrededor de 700 personas se congregaron ah\u00ed para dar inicio el s\u00e1bado 6 de mayo a un Encuentro Internacional.<\/p>\n\n\n\n<p>El despojo territorial, la imposici\u00f3n de megaproyectos que destruyen al medio ambiente y la violencia contra comunidades ind\u00edgenas, mujeres e infancias a causa de la guerra econ\u00f3mica y el crimen organizado, fueron los principales ejes de las mesas de reflexi\u00f3n y discusi\u00f3n que se llevaron a cabo, en las cuales participaron representantes de diversos pueblos originarios, varios estados del pa\u00eds y de una veintena de pa\u00edses extranjeros.<\/p>\n\n\n\n<p>Al inicio del c\u00f3nclave, una comisi\u00f3n de la caravana dio un primer reporte de algunas de las cosas que notaron durante su periplo por Oaxaca, Veracruz, Campeche, Yucat\u00e1n, Quintana Roo y la propia Chiapas. El listado fue difundido en uno de los comunicados de la p\u00e1gina www.elsurresiste.org.<\/p>\n\n\n\n<p>Entre las problem\u00e1ticas detectadas se resalt\u00f3 la penetraci\u00f3n territorial del narcotr\u00e1fico, el reclutamiento de ni\u00f1os y j\u00f3venes por grupos del crimen organizado, el desd\u00e9n de autoridades agrarias y ejidales para proteger la tierra, la divisi\u00f3n causada por programas asistenciales como Sembrando Vida, el da\u00f1o a las tierras por monocultivos, fumigaci\u00f3n y cuerpos de agua contaminados, as\u00ed como el acaparamiento de agua para grandes corporativos en lugar de los pueblos.<\/p>\n\n\n\n<p>Tambi\u00e9n enlistaron algunas \u201cformas de victorias\u201d logradas organizativamente por comunidades y colectividades, como recuperaciones de tierra, creaci\u00f3n de espacios aut\u00f3nomos, cancelaci\u00f3n de proyectos extractivistas, avance en la lucha de las mujeres, obtenci\u00f3n de amparos y otros procesos jur\u00eddicos ganados y, en especial, cada vez m\u00e1s encuentros y alianzas entre pueblos en resistencia.<\/p>\n\n\n\n<p>GUERRAS DE DESPOJO<\/p>\n\n\n\n<p>Para tener un panorama global de lo que sucede m\u00e1s all\u00e1 del sur-sureste mexicano, el escritor uruguayo, Ra\u00fal Zibechi, fue uno de los primeros ponentes. \u201cVivimos guerras de despojo. Se ha revelado que cuatro de cada 10 hect\u00e1reas no est\u00e1n en manos de la oligarqu\u00eda ni del gran capital. En Brasil estas tierras pertenecen a tierras agrarias, est\u00e1n en manos de las comunidades negras, son parques naturales y de conservaci\u00f3n, o pertenecen a peque\u00f1os y medianos campesinos\u201d.<\/p>\n\n\n\n<p>\u201cSobre estas tierras est\u00e1 avanzando el capital. Al despojo todav\u00eda le queda mucho para alcanzar. La guerra por el despojo apenas empieza. Hoy el capitalismo no puede vivir sin guerras de despojo. No puede actuar sin guerras con violencia, es decir sin asesinar, desaparecer, desplazar&#8230;\u201d.<\/p>\n\n\n\n<p>Zibechi tambi\u00e9n resalt\u00f3 el factor de la militarizaci\u00f3n extractivista en marcha en todos los gobiernos nacionalistas de la regi\u00f3n, incluyendo a los progresistas como el del presidente Andr\u00e9s Manuel L\u00f3pez Obrador o el de Gabriel Boric en Chile, que en Walmapu, territorio mapuche, destacament\u00f3 casi tantos militares como en la dictadura de Pinochet. \u201cEl an\u00e1lisis del EZLN en la Cuarta Guerra Mundial hecho hace 20 a\u00f1os es m\u00e1s que cierto: estamos en una guerra del despojo para obtener territorios para el gran capital\u201d.<\/p>\n\n\n\n<p>Otro an\u00e1lisis que hizo fue el del narcotr\u00e1fico \u201ccomo s\u00edmbolo perfecto\u201d del capital: \u201ces muy dif\u00edcil pintar la l\u00ednea entre el narcotr\u00e1fico y el poder, porque hay una alianza entre estos grupos del narco, las oligarqu\u00edas, y las grandes empresas\u201d.<\/p>\n\n\n\n<p>Ante la situaci\u00f3n descrita, Zibechi resalt\u00f3 el crecimiento de las luchas aut\u00f3nomas en Am\u00e9rica Latina, en las cuales una caracter\u00edstica importante es la autodefensa como herramienta fundamental de resistencia, \u201cestos modelos de autonom\u00eda tienen tambi\u00e9n esta caracter\u00edstica pilar que es la autodefensa como herramienta fundamental: muchos se defienden con guardias comunitarias, otros con pasamonta\u00f1as, otros con capuchas o con pa\u00f1uelos\u201d.<\/p>\n\n\n\n<p>Una segunda caracter\u00edstica mencionada por Zibechi fue la espiritualidad. \u201cEspiritualidad es hablar de mujeres y ese v\u00ednculo de Mujer-Vida-Madre Tierra. La espiritualidad es lo que nos permite sostenernos a lo largo del tiempo en estas luchas que no tienen fin, porque son un c\u00edrculo eterno, sin el objetivo de tomar el poder; la espiritualidad ah\u00ed es pilar a seguir\u201d<\/p>\n\n\n\n<p>ESPIRITUALIDAD<\/p>\n\n\n\n<p>La activista del Cauca, Colombia, Vilma Almendra Quiguan\u00e1s, fue otra de las voces que analizaron el contexto global durante el encuentro. \u201cEn todos lados est\u00e1 dif\u00edcil, en todos los Estados-Naci\u00f3n en donde nos han querido aplastar a los que habit\u00e1bamos, nos han querido arrancar todo lo bello como la espiritualidad\u201d.<\/p>\n\n\n\n<p>Relat\u00f3 que el Consejo Regional Ind\u00edgena del Cauca era en 2009 el movimiento ind\u00edgena \u201cm\u00e1s conocido por su resistencia y por su forma de interpelar al Estado\u201d. Por esos a\u00f1os, el colectivo ten\u00eda el control territorial del Cauca, por lo que, ante la fuerza de su resistencia, el gobierno busc\u00f3 romperla a trav\u00e9s del narcotr\u00e1fico.<\/p>\n\n\n\n<p>\u201cComenzaron a cooptar dirigencias. Hoy el control territorial ya no lo tienen las autoridades: lo tienen los actores armados. Han matado a diez autoridades ind\u00edgenas en los \u00faltimos tres a\u00f1os. Vemos el reclutamiento de nuestra juventud y ni\u00f1ez que son presas del dinero f\u00e1cil porque la estructura estatal te empobrece y, \u00bfqu\u00e9 prefiere la juventud?, \u00bfsiete d\u00f3lares de jornalero por 10 horas de trabajo en una recolecci\u00f3n de caf\u00e9 o miles de pesos por estar con estos grupos del narcotr\u00e1fico que te dan una moto, un celular y pagan bien? Solo tienes que matar y matar a los tuyos\u201d.<\/p>\n\n\n\n<p>Para cerrar su intervenci\u00f3n con una experiencia igual de real y alentadora, Dilma resalt\u00f3 las flores que rompen el cemento. \u201cEn el Cauca hemos logrado liberar a la Madre Tierra: sembrar con los ciclos de la luna y sembrar todo lo org\u00e1nico; hemos logrado relaciones no patriarcales, ni coloniales, y no estatales. Si logramos esta relaci\u00f3n con la tierra, lo lograremos tambi\u00e9n con la hija, con el hijo, con la compa\u00f1era y con el compa\u00f1ero\u201d.&nbsp;<\/p>\n\n\n\n<p>&nbsp;@DiegoEOsorno<\/p>\n\n\n\n<p>*Escritor y periodista.<\/p>\n\n\n\n<p>(Continuar\u00e1\u2026)<\/p>\n","protected":false},"excerpt":{"rendered":"<p>Diego Enrique Osorno* Tras 10&nbsp;d\u00edas de andanzas, la caravana El Sur Resiste desembarc\u00f3 en el&hellip;<\/p>\n","protected":false},"author":2,"featured_media":48560,"comment_status":"closed","ping_status":"open","sticky":false,"template":"","format":"standard","meta":{"_lmt_disableupdate":"","_lmt_disable":"","_jetpack_memberships_contains_paid_content":false,"footnotes":""},"categories":[456],"tags":[3020],"class_list":["post-56326","post","type-post","status-publish","format-standard","has-post-thumbnail","hentry","category-columna","tag-diego-enrique-osorno"],"jetpack_featured_media_url":"https:\/\/zonaroja.com.mx\/wp-content\/uploads\/2022\/11\/Diego-Enrique-Osorno.jpeg","jetpack_sharing_enabled":true,"_links":{"self":[{"href":"https:\/\/zonaroja.com.mx\/index.php?rest_route=\/wp\/v2\/posts\/56326","targetHints":{"allow":["GET"]}}],"collection":[{"href":"https:\/\/zonaroja.com.mx\/index.php?rest_route=\/wp\/v2\/posts"}],"about":[{"href":"https:\/\/zonaroja.com.mx\/index.php?rest_route=\/wp\/v2\/types\/post"}],"author":[{"embeddable":true,"href":"https:\/\/zonaroja.com.mx\/index.php?rest_route=\/wp\/v2\/users\/2"}],"replies":[{"embeddable":true,"href":"https:\/\/zonaroja.com.mx\/index.php?rest_route=%2Fwp%2Fv2%2Fcomments&post=56326"}],"version-history":[{"count":1,"href":"https:\/\/zonaroja.com.mx\/index.php?rest_route=\/wp\/v2\/posts\/56326\/revisions"}],"predecessor-version":[{"id":56327,"href":"https:\/\/zonaroja.com.mx\/index.php?rest_route=\/wp\/v2\/posts\/56326\/revisions\/56327"}],"wp:featuredmedia":[{"embeddable":true,"href":"https:\/\/zonaroja.com.mx\/index.php?rest_route=\/wp\/v2\/media\/48560"}],"wp:attachment":[{"href":"https:\/\/zonaroja.com.mx\/index.php?rest_route=%2Fwp%2Fv2%2Fmedia&parent=56326"}],"wp:term":[{"taxonomy":"category","embeddable":true,"href":"https:\/\/zonaroja.com.mx\/index.php?rest_route=%2Fwp%2Fv2%2Fcategories&post=56326"},{"taxonomy":"post_tag","embeddable":true,"href":"https:\/\/zonaroja.com.mx\/index.php?rest_route=%2Fwp%2Fv2%2Ftags&post=56326"}],"curies":[{"name":"wp","href":"https:\/\/api.w.org\/{rel}","templated":true}]}}