{"id":56329,"date":"2023-06-11T15:18:33","date_gmt":"2023-06-11T20:18:33","guid":{"rendered":"http:\/\/www.zonaroja.com.mx\/?p=56329"},"modified":"2023-06-11T15:18:35","modified_gmt":"2023-06-11T20:18:35","slug":"tres-anos-de-impunidad-para-alexander-asesinado-por-policias-de-acatlan","status":"publish","type":"post","link":"https:\/\/zonaroja.com.mx\/?p=56329","title":{"rendered":"Tres a\u00f1os de impunidad para Alexander, asesinado por polic\u00edas de Acatl\u00e1n"},"content":{"rendered":"\n<p>Yuridiana Sosa\/Zona Roja.<\/p>\n\n\n\n<p>Oaxaca de Ju\u00e1rez, Oax., a 11 de junio de 2023.- \u201cDespu\u00e9s de tres a\u00f1os de sufrimiento continuo, no alcanzamos a ver ni la verdad, ni la justicia ni la reparaci\u00f3n integral del da\u00f1o a la que Alexander y nosotros como familia tenemos derecho\u201d, manifest\u00f3 la familia del joven que fue asesinado por la polic\u00eda municipal de Acatl\u00e1n de P\u00e9rez Figueroa, en la regi\u00f3n Cuenca de Oaxaca.<\/p>\n\n\n\n<p>Los padres y hermano de \u201cChander\u201d, Virginia G\u00f3mez, Teodoro Mart\u00ednez y Alexis Mart\u00ednez, denunciaron actos de obstrucci\u00f3n a la reparaci\u00f3n del da\u00f1o por parte del gobierno de Salom\u00f3n Jara Cruz.<\/p>\n\n\n\n<p>La familia logr\u00f3 la primera resoluci\u00f3n de reparaci\u00f3n integral del da\u00f1o, misma que fue emitida por la Secretar\u00eda de Gobierno de Oaxaca.<\/p>\n\n\n\n<p>Sin embargo, los padres se\u00f1alaron que el secretario de Gobierno, Jes\u00fas Romero L\u00f3pez y el subsecretario, Carlos P\u00e9rez, \u201chan litigado en contra de las v\u00edctimas y de nuestra familia, comport\u00e1ndose como funcionarios de partido y no de Estado\u201d, pues est\u00e1n haciendo todo para retrasar el proceso de reparaci\u00f3n al cual est\u00e1n obligados.<\/p>\n\n\n\n<p>\u201cA pesar de la resoluci\u00f3n emitida por el gobierno de Salom\u00f3n Jara, en las cuales se comprometieron a llevar a cabo medidas de rehabilitaci\u00f3n, satisfacci\u00f3n, no repetici\u00f3n y compensaci\u00f3n, omitiendo aquellas relacionadas con la restituci\u00f3n\u201d, detallaron los afectados.<\/p>\n\n\n\n<p>Por esta situaci\u00f3n, consideraron que el gobierno de Oaxaca s\u00f3lo la emiti\u00f3 para simular que iban a atender nuestro caso.<\/p>\n\n\n\n<p>Es por ello que ya se encuentra abierto un nuevo juicio para obligarlos a cumplir la sentencia judicial, pues el Poder Judicial Federal, les ha dado la raz\u00f3n hasta ahora en todo.<\/p>\n\n\n\n<p>En tanto que lamentaron que Salom\u00f3n Jara no haya representado un cambio respecto a su antecesor, Alejandro Murat, para nombrar a un comisionado de v\u00edctimas sin hacer tomar en cuenta a los colectivos de v\u00edctimas del estado.<\/p>\n\n\n\n<p>DURO PEREGRINAR<\/p>\n\n\n\n<p>En tres a\u00f1os de lucha por la justicia de Alexander Mart\u00ednez G\u00f3mez, \u201cChander\u201d, v\u00edctima de una ejecuci\u00f3n arbitraria por parte de polic\u00edas municipales del municipio de Acatl\u00e1n , tambi\u00e9n se han enfrentado a la indiferencia y protecci\u00f3n de las autoridades municipales a favor de sus elementos.<\/p>\n\n\n\n<p>Cuando ocurri\u00f3 el asesinato, el ex edil, Ad\u00e1n Maciel Sosa, del PAN, justific\u00f3 a toda costa a sus elementos policiacos, al tiempo que mand\u00f3, presuntamente , a amenazar a la familia, lo que fue motivo de medidas de protecci\u00f3n; pero la Fiscal\u00eda de Oaxaca no investig\u00f3 de d\u00f3nde surgieron.<\/p>\n\n\n\n<p>Mientras que el actual presidente municipal, Jes\u00fas Ortega Mar\u00edn, del Partido Morena, y ex secretario municipal de Maciel Sosa, se resiste a cumplir con lo dictado en la Recomendaci\u00f3n 01\/2021 emitida por la Defensor\u00eda de los Derechos Humanos del Pueblo de Oaxaca (DDHPO), en la cual se demostr\u00f3 que Alexander fue v\u00edctima de graves violaciones a los derechos humanos y en la que se se\u00f1al\u00f3<\/p>\n\n\n\n<p>como responsables de la ejecuci\u00f3n arbitraria al municipio de Acatl\u00e1n de P\u00e9rez Figueroa, denunci\u00f3 la familia.<\/p>\n\n\n\n<p>SIGUE LA LUCHA<\/p>\n\n\n\n<p>En tanto que en la Fiscal\u00eda de Oaxaca, el ex titular, Rub\u00e9n Vasconcelos, perdi\u00f3 datos relevantes de la investigaci\u00f3n, y por ello no podr\u00e1n acceder nunca a una verdad y justicia plena.<\/p>\n\n\n\n<p>Arturo Peimbert, apuntaron los afectados, logr\u00f3 encausar la investigaci\u00f3n y coadyuvar en una defensa m\u00e1s efectiva, de tal manera que durante casi dos a\u00f1os se logr\u00f3 mantener en prisi\u00f3n al presunto responsable del homicidio de Alexander, el polic\u00eda municipal Sergio Rodr\u00edguez Ronz\u00f3n, pero a causa de fallas del Tribunal de Enjuiciamiento en Materia Penal del Circuito Judicial Regi\u00f3n Cuenca, Rodr\u00edguez Ronz\u00f3n fue puesto en libertad en marzo de 2022, dandole una sentencia absolutoria.<\/p>\n\n\n\n<p>Por lo que despu\u00e9s de un proceso, este el Tribunal Superior del Estado emiti\u00f3 una sentencia condenatoria que confirma que el polic\u00eda municipal de Acatl\u00e1n de P\u00e9rez Figueroa, Sergio Rodr\u00edguez Ronz\u00f3n fue el responsable del homicidio calificado.<\/p>\n\n\n\n<p>Ahora, la familia de Alexander, demand\u00f3 a Bernardo Rodr\u00edguez Alamilla la ejecuci\u00f3n de una orden de aprehensi\u00f3n e informaci\u00f3n sobre el proceso.<\/p>\n","protected":false},"excerpt":{"rendered":"<p>Yuridiana Sosa\/Zona Roja. Oaxaca de Ju\u00e1rez, Oax., a 11 de junio de 2023.- \u201cDespu\u00e9s de&hellip;<\/p>\n","protected":false},"author":2,"featured_media":25651,"comment_status":"closed","ping_status":"open","sticky":false,"template":"","format":"standard","meta":{"_lmt_disableupdate":"","_lmt_disable":"","_jetpack_memberships_contains_paid_content":false,"footnotes":""},"categories":[109,47],"tags":[2586],"class_list":["post-56329","post","type-post","status-publish","format-standard","has-post-thumbnail","hentry","category-minuto-a-minuto","category-zona-gris","tag-alexander-martinez-gomez"],"jetpack_featured_media_url":"https:\/\/zonaroja.com.mx\/wp-content\/uploads\/2021\/04\/Alexander-Martinez-Gomez.jpg","jetpack_sharing_enabled":true,"_links":{"self":[{"href":"https:\/\/zonaroja.com.mx\/index.php?rest_route=\/wp\/v2\/posts\/56329","targetHints":{"allow":["GET"]}}],"collection":[{"href":"https:\/\/zonaroja.com.mx\/index.php?rest_route=\/wp\/v2\/posts"}],"about":[{"href":"https:\/\/zonaroja.com.mx\/index.php?rest_route=\/wp\/v2\/types\/post"}],"author":[{"embeddable":true,"href":"https:\/\/zonaroja.com.mx\/index.php?rest_route=\/wp\/v2\/users\/2"}],"replies":[{"embeddable":true,"href":"https:\/\/zonaroja.com.mx\/index.php?rest_route=%2Fwp%2Fv2%2Fcomments&post=56329"}],"version-history":[{"count":1,"href":"https:\/\/zonaroja.com.mx\/index.php?rest_route=\/wp\/v2\/posts\/56329\/revisions"}],"predecessor-version":[{"id":56330,"href":"https:\/\/zonaroja.com.mx\/index.php?rest_route=\/wp\/v2\/posts\/56329\/revisions\/56330"}],"wp:featuredmedia":[{"embeddable":true,"href":"https:\/\/zonaroja.com.mx\/index.php?rest_route=\/wp\/v2\/media\/25651"}],"wp:attachment":[{"href":"https:\/\/zonaroja.com.mx\/index.php?rest_route=%2Fwp%2Fv2%2Fmedia&parent=56329"}],"wp:term":[{"taxonomy":"category","embeddable":true,"href":"https:\/\/zonaroja.com.mx\/index.php?rest_route=%2Fwp%2Fv2%2Fcategories&post=56329"},{"taxonomy":"post_tag","embeddable":true,"href":"https:\/\/zonaroja.com.mx\/index.php?rest_route=%2Fwp%2Fv2%2Ftags&post=56329"}],"curies":[{"name":"wp","href":"https:\/\/api.w.org\/{rel}","templated":true}]}}