{"id":5633,"date":"2019-11-11T07:55:09","date_gmt":"2019-11-11T13:55:09","guid":{"rendered":"http:\/\/www.zonaroja.com.mx\/?p=5633"},"modified":"2019-11-11T07:55:13","modified_gmt":"2019-11-11T13:55:13","slug":"en-21-meses-5-asesinatos-6-detenciones-arbitrarias-y-3-allanamientos-a-codedi","status":"publish","type":"post","link":"https:\/\/zonaroja.com.mx\/?p=5633","title":{"rendered":"En 21 meses, 5 asesinatos, 6 detenciones arbitrarias y 3 allanamientos a Codedi"},"content":{"rendered":"\n<p>Redacci\u00f3n\/Zona\nRoja.<\/p>\n\n\n\n<p>Oaxaca\nde Ju\u00e1rez, Oax., 11 de noviembre de 2019.- En 21 meses se han registrado cinco\nasesinatos, seis detenciones arbitrarias, tres allanamientos y robos, dos\nintentos de asesinato, as\u00ed como amenazas y hostigamiento constantes contra Comit\u00e9\nde Defensa de Derechos Ind\u00edgenas(Codedi), denunciaron organizaciones sociales.<\/p>\n\n\n\n<p>Pese\na ello, en lugar de procurar justicia, apenas el pasado 7 de octubre, la\nFiscal\u00eda General del Estado de Oaxaca detuvo a uno de sus integrantes, Fredy\nGarc\u00eda Ram\u00edrez, en la zona conurbada, se\u00f1al\u00f3 Consorcio Oaxaca.<\/p>\n\n\n\n<p>Por\nello, 175 organizaciones sociales, organismos de la sociedad civil, organismos defensores\nde derechos humanos y personas solidarias se unieron hoy para exigir la\nlibertad inmediata e incondicional del defensor aprehendido bajo los delitos de\nlesiones y robo. Por esa causa, esta ma\u00f1ana cerraron el Palacio de Gobierno en\nla capital.<\/p>\n\n\n\n<p>De\nacuerdo con un comunicado, de todos estos agravios se han acumulado carpetas de\ninvestigaci\u00f3n en la Fiscal\u00eda General del Estado de Oaxaca, en la Defensor\u00eda de\nlos Derechos Humanos del Pueblo de Oaxaca, en la Fiscal\u00eda General de la\nRep\u00fablica, mismos en los que a 21 meses de los asesinatos de Alejandro Antonio\nD\u00edaz Cruz, Ignacio Basilio Ventura Mart\u00ednez y Luis \u00c1ngel Mart\u00ednez, 16 meses del\nasesinato de Abraham Hern\u00e1ndez Gonz\u00e1lez y 13 meses del asesinato de Noel\nCastillo Aguilar, no hay avance en ninguna de las investigaciones respectivas.<\/p>\n\n\n\n<p>\u201cDenunciamos\nque desde hace meses se han documentado las amenazas de muerte que le han hecho\nllegar al l\u00edder ind\u00edgena, Abraham Ram\u00edrez V\u00e1squez, fundador del Comit\u00e9 por la\nDefensa de los Derechos Ind\u00edgenas, estas se han hecho del conocimiento de\ninstancias federales de manera oficial desde el pasado14 de junio\u201d, abund\u00f3.<\/p>\n\n\n\n<p>Este\nlunes, adem\u00e1s del bloqueo y protesta en el Palacio de Gobierno, la Secci\u00f3n 22\ndel Sindicato Nacional de Trabajadores de la Educaci\u00f3n realiza movilizaciones.<\/p>\n","protected":false},"excerpt":{"rendered":"<p>Redacci\u00f3n\/Zona Roja. Oaxaca de Ju\u00e1rez, Oax., 11 de noviembre de 2019.- En 21 meses se&hellip;<\/p>\n","protected":false},"author":2,"featured_media":5634,"comment_status":"closed","ping_status":"open","sticky":false,"template":"","format":"standard","meta":{"_lmt_disableupdate":"","_lmt_disable":"","_jetpack_memberships_contains_paid_content":false,"footnotes":""},"categories":[109,51],"tags":[832],"class_list":["post-5633","post","type-post","status-publish","format-standard","has-post-thumbnail","hentry","category-minuto-a-minuto","category-zona-roja","tag-comite-de-defensa-de-derechos-indigenas-codedi"],"jetpack_featured_media_url":"https:\/\/zonaroja.com.mx\/wp-content\/uploads\/2019\/11\/Codedi-protesta.jpg","jetpack_sharing_enabled":true,"_links":{"self":[{"href":"https:\/\/zonaroja.com.mx\/index.php?rest_route=\/wp\/v2\/posts\/5633","targetHints":{"allow":["GET"]}}],"collection":[{"href":"https:\/\/zonaroja.com.mx\/index.php?rest_route=\/wp\/v2\/posts"}],"about":[{"href":"https:\/\/zonaroja.com.mx\/index.php?rest_route=\/wp\/v2\/types\/post"}],"author":[{"embeddable":true,"href":"https:\/\/zonaroja.com.mx\/index.php?rest_route=\/wp\/v2\/users\/2"}],"replies":[{"embeddable":true,"href":"https:\/\/zonaroja.com.mx\/index.php?rest_route=%2Fwp%2Fv2%2Fcomments&post=5633"}],"version-history":[{"count":1,"href":"https:\/\/zonaroja.com.mx\/index.php?rest_route=\/wp\/v2\/posts\/5633\/revisions"}],"predecessor-version":[{"id":5635,"href":"https:\/\/zonaroja.com.mx\/index.php?rest_route=\/wp\/v2\/posts\/5633\/revisions\/5635"}],"wp:featuredmedia":[{"embeddable":true,"href":"https:\/\/zonaroja.com.mx\/index.php?rest_route=\/wp\/v2\/media\/5634"}],"wp:attachment":[{"href":"https:\/\/zonaroja.com.mx\/index.php?rest_route=%2Fwp%2Fv2%2Fmedia&parent=5633"}],"wp:term":[{"taxonomy":"category","embeddable":true,"href":"https:\/\/zonaroja.com.mx\/index.php?rest_route=%2Fwp%2Fv2%2Fcategories&post=5633"},{"taxonomy":"post_tag","embeddable":true,"href":"https:\/\/zonaroja.com.mx\/index.php?rest_route=%2Fwp%2Fv2%2Ftags&post=5633"}],"curies":[{"name":"wp","href":"https:\/\/api.w.org\/{rel}","templated":true}]}}