{"id":56331,"date":"2023-06-11T16:21:00","date_gmt":"2023-06-11T21:21:00","guid":{"rendered":"http:\/\/www.zonaroja.com.mx\/?p=56331"},"modified":"2023-06-11T15:22:59","modified_gmt":"2023-06-11T20:22:59","slug":"confirma-la-fiscalia-3-muertos-y-6-heridos-en-ojitlan-investiga-los-hechos","status":"publish","type":"post","link":"https:\/\/zonaroja.com.mx\/?p=56331","title":{"rendered":"Confirma la Fiscal\u00eda 3 muertos y 6 heridos en Ojitl\u00e1n; investiga los hechos"},"content":{"rendered":"\n<p>Redacci\u00f3n\/Zona Roja.<\/p>\n\n\n\n<p>Oaxaca de Ju\u00e1rez, Oax., a 11 de junio de 2023.-&nbsp; La Fiscal\u00eda General del Estado de Oaxaca (FGEO) inici\u00f3 una investigaci\u00f3n y despleg\u00f3 un equipo multidisciplinario ante los hechos violentos registrados entre las poblaciones de Cacahuatal y Yucat\u00e1n, ambas pertenecientes a San Lucas Ojitl\u00e1n, que dejaron hasta el momento un saldo de tres personas muertas y seis lesionadas.<\/p>\n\n\n\n<p>Por los sucesos, la FGEO tiene una persona en calidad de presentada, mientras que personal especializado en criminal\u00edstica y forense realiz\u00f3 el levantamiento de los cuerpos de tres hombres identificados como J.B.I., H.G.L. y M.C.S.<\/p>\n\n\n\n<p>De acuerdo con las primeras investigaciones, los hechos se registraron este s\u00e1bado 10 de junio cuando sucedi\u00f3 un enfrentamiento entre las comunidades antes mencionadas.<\/p>\n\n\n\n<p>La Fiscal\u00eda General del Estado tiene tambi\u00e9n registro de seis personas lesionadas, quienes se encuentran recibiendo atenci\u00f3n m\u00e9dica y son identificadas con las iniciales V.A.R.L., S.O., A.R.P., P.P.A., F.A.M, y A.F.P.<\/p>\n\n\n\n<p>Un equipo de especialistas en diferentes materias de la Fiscal\u00eda General, as\u00ed como de la Agencia Estatal de Investigaciones (AEI) se encuentra en el lugar para efectuar el procesamiento del sitio y recolectar indicios que contribuyan a la resoluci\u00f3n del caso.<\/p>\n\n\n\n<p>La Fiscal\u00eda de Oaxaca tiene el compromiso de investigar los delitos de alto impacto, as\u00ed como de perjuicio para las comunidades, con el objetivo de procurar acceso pleno a la justicia y evitar la repetici\u00f3n&nbsp;de&nbsp;hechos.<\/p>\n","protected":false},"excerpt":{"rendered":"<p>Redacci\u00f3n\/Zona Roja. Oaxaca de Ju\u00e1rez, Oax., a 11 de junio de 2023.-&nbsp; La Fiscal\u00eda General&hellip;<\/p>\n","protected":false},"author":2,"featured_media":24623,"comment_status":"closed","ping_status":"open","sticky":false,"template":"","format":"standard","meta":{"_lmt_disableupdate":"","_lmt_disable":"","_jetpack_memberships_contains_paid_content":false,"footnotes":""},"categories":[109,47],"tags":[494],"class_list":["post-56331","post","type-post","status-publish","format-standard","has-post-thumbnail","hentry","category-minuto-a-minuto","category-zona-gris","tag-fiscalia-general-del-estado-de-oaxaca"],"jetpack_featured_media_url":"https:\/\/zonaroja.com.mx\/wp-content\/uploads\/2021\/03\/San-Lucas-Ojitlan.jpg","jetpack_sharing_enabled":true,"_links":{"self":[{"href":"https:\/\/zonaroja.com.mx\/index.php?rest_route=\/wp\/v2\/posts\/56331","targetHints":{"allow":["GET"]}}],"collection":[{"href":"https:\/\/zonaroja.com.mx\/index.php?rest_route=\/wp\/v2\/posts"}],"about":[{"href":"https:\/\/zonaroja.com.mx\/index.php?rest_route=\/wp\/v2\/types\/post"}],"author":[{"embeddable":true,"href":"https:\/\/zonaroja.com.mx\/index.php?rest_route=\/wp\/v2\/users\/2"}],"replies":[{"embeddable":true,"href":"https:\/\/zonaroja.com.mx\/index.php?rest_route=%2Fwp%2Fv2%2Fcomments&post=56331"}],"version-history":[{"count":1,"href":"https:\/\/zonaroja.com.mx\/index.php?rest_route=\/wp\/v2\/posts\/56331\/revisions"}],"predecessor-version":[{"id":56332,"href":"https:\/\/zonaroja.com.mx\/index.php?rest_route=\/wp\/v2\/posts\/56331\/revisions\/56332"}],"wp:featuredmedia":[{"embeddable":true,"href":"https:\/\/zonaroja.com.mx\/index.php?rest_route=\/wp\/v2\/media\/24623"}],"wp:attachment":[{"href":"https:\/\/zonaroja.com.mx\/index.php?rest_route=%2Fwp%2Fv2%2Fmedia&parent=56331"}],"wp:term":[{"taxonomy":"category","embeddable":true,"href":"https:\/\/zonaroja.com.mx\/index.php?rest_route=%2Fwp%2Fv2%2Fcategories&post=56331"},{"taxonomy":"post_tag","embeddable":true,"href":"https:\/\/zonaroja.com.mx\/index.php?rest_route=%2Fwp%2Fv2%2Ftags&post=56331"}],"curies":[{"name":"wp","href":"https:\/\/api.w.org\/{rel}","templated":true}]}}