{"id":56335,"date":"2023-06-11T20:55:25","date_gmt":"2023-06-12T01:55:25","guid":{"rendered":"http:\/\/www.zonaroja.com.mx\/?p=56335"},"modified":"2023-06-11T20:55:29","modified_gmt":"2023-06-12T01:55:29","slug":"el-horror-cotidiano-en-oaxaca-ejecutan-a-individuo-y-le-cortan-la-lengua","status":"publish","type":"post","link":"https:\/\/zonaroja.com.mx\/?p=56335","title":{"rendered":"El horror cotidiano en Oaxaca: ejecutan a individuo y le cortan la lengua"},"content":{"rendered":"\n<p>Ismael Garc\u00eda M.\/Zona Roja.<\/p>\n\n\n\n<p>Oaxaca de Ju\u00e1rez, Oax., a 11 de junio de 2023.- Adem\u00e1s de cotidianos, los cr\u00edmenes son cada vez m\u00e1s crueles en Oaxaca.<\/p>\n\n\n\n<p>Este domingo, una persona fue ejecutada a balazos y despu\u00e9s le cercenaron la lengua, para luego tirar el cuerpo en la calle.<\/p>\n\n\n\n<p>Ocurri\u00f3 en el municipio de Santo Domingo Petapa, en la regi\u00f3n del Istmo, donde fue localizado el cuerpo, con huellas de tortura e impactos de arma de fuego, afuera de un sal\u00f3n de fiestas.<\/p>\n\n\n\n<p>Hasta el momento la v\u00edctima no ha sido identificada y personal de la Vicefiscal\u00eda Regional del Istmo intervino para iniciar las indagatorias correspondientes.<\/p>\n\n\n\n<p>Entre el viernes y hoy, Oaxaca registra al menos 11 asesinatos, en su gran mayor\u00eda por disparos de arma de fuego.<\/p>\n","protected":false},"excerpt":{"rendered":"<p>Ismael Garc\u00eda M.\/Zona Roja. Oaxaca de Ju\u00e1rez, Oax., a 11 de junio de 2023.- Adem\u00e1s&hellip;<\/p>\n","protected":false},"author":2,"featured_media":54456,"comment_status":"closed","ping_status":"open","sticky":false,"template":"","format":"standard","meta":{"_lmt_disableupdate":"","_lmt_disable":"","_jetpack_memberships_contains_paid_content":false,"footnotes":""},"categories":[109,51],"tags":[1745],"class_list":["post-56335","post","type-post","status-publish","format-standard","has-post-thumbnail","hentry","category-minuto-a-minuto","category-zona-roja","tag-santo-domingo-petapa"],"jetpack_featured_media_url":"https:\/\/zonaroja.com.mx\/wp-content\/uploads\/2023\/04\/Escena-crimen-homicidio-violencia-asesinato.webp","jetpack_sharing_enabled":true,"_links":{"self":[{"href":"https:\/\/zonaroja.com.mx\/index.php?rest_route=\/wp\/v2\/posts\/56335","targetHints":{"allow":["GET"]}}],"collection":[{"href":"https:\/\/zonaroja.com.mx\/index.php?rest_route=\/wp\/v2\/posts"}],"about":[{"href":"https:\/\/zonaroja.com.mx\/index.php?rest_route=\/wp\/v2\/types\/post"}],"author":[{"embeddable":true,"href":"https:\/\/zonaroja.com.mx\/index.php?rest_route=\/wp\/v2\/users\/2"}],"replies":[{"embeddable":true,"href":"https:\/\/zonaroja.com.mx\/index.php?rest_route=%2Fwp%2Fv2%2Fcomments&post=56335"}],"version-history":[{"count":1,"href":"https:\/\/zonaroja.com.mx\/index.php?rest_route=\/wp\/v2\/posts\/56335\/revisions"}],"predecessor-version":[{"id":56336,"href":"https:\/\/zonaroja.com.mx\/index.php?rest_route=\/wp\/v2\/posts\/56335\/revisions\/56336"}],"wp:featuredmedia":[{"embeddable":true,"href":"https:\/\/zonaroja.com.mx\/index.php?rest_route=\/wp\/v2\/media\/54456"}],"wp:attachment":[{"href":"https:\/\/zonaroja.com.mx\/index.php?rest_route=%2Fwp%2Fv2%2Fmedia&parent=56335"}],"wp:term":[{"taxonomy":"category","embeddable":true,"href":"https:\/\/zonaroja.com.mx\/index.php?rest_route=%2Fwp%2Fv2%2Fcategories&post=56335"},{"taxonomy":"post_tag","embeddable":true,"href":"https:\/\/zonaroja.com.mx\/index.php?rest_route=%2Fwp%2Fv2%2Ftags&post=56335"}],"curies":[{"name":"wp","href":"https:\/\/api.w.org\/{rel}","templated":true}]}}