{"id":56339,"date":"2023-06-11T22:41:39","date_gmt":"2023-06-12T03:41:39","guid":{"rendered":"http:\/\/www.zonaroja.com.mx\/?p=56339"},"modified":"2023-06-11T22:41:42","modified_gmt":"2023-06-12T03:41:42","slug":"maniatan-a-aspirantes-de-morena-no-podran-irse-a-otro-partido-en-caso-de-no-ser-candidato","status":"publish","type":"post","link":"https:\/\/zonaroja.com.mx\/?p=56339","title":{"rendered":"Maniatan a aspirantes de Morena: no podr\u00e1n irse a otro partido en caso de no ser candidato"},"content":{"rendered":"\n<p>Redacci\u00f3n\/Zona Roja Cdmx.<\/p>\n\n\n\n<p>Ciudad de M\u00e9xico, a 11 de junio de 2023.- Morena dio a conocer que el pr\u00f3ximo 6 de septiembre de 2023, presentar\u00e1 al candidato que participar\u00e1 en el proceso electoral del 2024, para contender por la presidencia de M\u00e9xico, quien ser\u00e1 electo o electa mediante cinco encuestas.<\/p>\n\n\n\n<p>Durante el Informe de la Sesi\u00f3n Extraordinaria del Consejo Nacional del partido, Alfonso Durazo, presidente del Consejo Nacional, inform\u00f3 que los aspirantes tienen del lunes 12 al viernes 16 de junio para registrar su intenci\u00f3n de contender en el proceso de elecci\u00f3n interna y, al hacerlo, deber\u00e1n renunciar a sus cargos p\u00fablicos.<\/p>\n\n\n\n<p>Cada uno de los aspirantes tendr\u00e1 que firmar que est\u00e1 de acuerdo con los compromisos establecidos en el CEN, y su propuesta deber\u00e1 incluir a dos empresas encuestadoras; de entre las cuales \u2013 mediante un sorteo \u2013 se definir\u00e1n a las cuatro firmas que levantar\u00e1n las encuestas que con las que el partido definir\u00e1 al aspirante a la presidencia.<\/p>\n\n\n\n<p>Alfonso Durazo detall\u00f3 que si los procesos internos del Partido Verde Ecologista de M\u00e9xico y el Partido del Trabajo, as\u00ed lo consideran, un integrante de cada partido podr\u00e1 formar parte del proceso de elecci\u00f3n, por lo que habr\u00e1, como m\u00e1ximo, seis personas participantes.<\/p>\n\n\n\n<p>Del 19 de junio al 27 de agosto, las y los aspirantes llevar\u00e1n a cabo recorridos de trabajo por el pa\u00eds para informar sobre los logros de la denominada cuarta transformaci\u00f3n, aunque en esa gira no podr\u00e1n autopromocionarse.<\/p>\n\n\n\n<p>Por otro lado, del 28 de agosto al 3 de septiembre, las cuatro empresas seleccionadas junto a la Comisi\u00f3n de Encuestas levantar\u00e1n los datos, mediante el m\u00e9todo de encuesta simulada. Los resultados de este ejercicio se procesar\u00e1n entre el 4 y 6 de septiembre, para dar a conocer al candidato o candidata.<\/p>\n\n\n\n<p>Tambi\u00e9n, se detall\u00f3 que el presidente de M\u00e9xico, gobernadores, miembros de gabinete, alcaldes, presidentes municipales y sus colaboradores de primer nivel; coordinadores de las bancadas de Morena en congresos federales o estatales; y toda persona con cargo de dirigencia nacional o local del partido; o integrante de las comisiones de Elecciones y Encuestas, deben abstenerse de involucrarse de forma alguna en el proceso o manifestarse en favor de alg\u00fan participante.<\/p>\n\n\n\n<p>(Informaci\u00f3n de \u201cEl Economista\u201d)<\/p>\n","protected":false},"excerpt":{"rendered":"<p>Redacci\u00f3n\/Zona Roja Cdmx. Ciudad de M\u00e9xico, a 11 de junio de 2023.- Morena dio a&hellip;<\/p>\n","protected":false},"author":2,"featured_media":56340,"comment_status":"closed","ping_status":"open","sticky":false,"template":"","format":"standard","meta":{"_lmt_disableupdate":"","_lmt_disable":"","_jetpack_memberships_contains_paid_content":false,"footnotes":""},"categories":[109,47],"tags":[582],"class_list":["post-56339","post","type-post","status-publish","format-standard","has-post-thumbnail","hentry","category-minuto-a-minuto","category-zona-gris","tag-partido-morena"],"jetpack_featured_media_url":"https:\/\/zonaroja.com.mx\/wp-content\/uploads\/2023\/06\/Consejo-Nacional-Morena.jpg","jetpack_sharing_enabled":true,"_links":{"self":[{"href":"https:\/\/zonaroja.com.mx\/index.php?rest_route=\/wp\/v2\/posts\/56339","targetHints":{"allow":["GET"]}}],"collection":[{"href":"https:\/\/zonaroja.com.mx\/index.php?rest_route=\/wp\/v2\/posts"}],"about":[{"href":"https:\/\/zonaroja.com.mx\/index.php?rest_route=\/wp\/v2\/types\/post"}],"author":[{"embeddable":true,"href":"https:\/\/zonaroja.com.mx\/index.php?rest_route=\/wp\/v2\/users\/2"}],"replies":[{"embeddable":true,"href":"https:\/\/zonaroja.com.mx\/index.php?rest_route=%2Fwp%2Fv2%2Fcomments&post=56339"}],"version-history":[{"count":1,"href":"https:\/\/zonaroja.com.mx\/index.php?rest_route=\/wp\/v2\/posts\/56339\/revisions"}],"predecessor-version":[{"id":56341,"href":"https:\/\/zonaroja.com.mx\/index.php?rest_route=\/wp\/v2\/posts\/56339\/revisions\/56341"}],"wp:featuredmedia":[{"embeddable":true,"href":"https:\/\/zonaroja.com.mx\/index.php?rest_route=\/wp\/v2\/media\/56340"}],"wp:attachment":[{"href":"https:\/\/zonaroja.com.mx\/index.php?rest_route=%2Fwp%2Fv2%2Fmedia&parent=56339"}],"wp:term":[{"taxonomy":"category","embeddable":true,"href":"https:\/\/zonaroja.com.mx\/index.php?rest_route=%2Fwp%2Fv2%2Fcategories&post=56339"},{"taxonomy":"post_tag","embeddable":true,"href":"https:\/\/zonaroja.com.mx\/index.php?rest_route=%2Fwp%2Fv2%2Ftags&post=56339"}],"curies":[{"name":"wp","href":"https:\/\/api.w.org\/{rel}","templated":true}]}}