{"id":56343,"date":"2023-06-12T08:25:00","date_gmt":"2023-06-12T13:25:00","guid":{"rendered":"http:\/\/www.zonaroja.com.mx\/?p=56343"},"modified":"2023-06-12T08:25:03","modified_gmt":"2023-06-12T13:25:03","slug":"vive-mexico-otro-fin-de-semana-violento-con-ola-de-asesinatos","status":"publish","type":"post","link":"https:\/\/zonaroja.com.mx\/?p=56343","title":{"rendered":"Vive M\u00e9xico otro fin de semana violento, con ola de asesinatos"},"content":{"rendered":"\n<p>Redacci\u00f3n\/Zona Roja Cdmx.<\/p>\n\n\n\n<p>Ciudad de M\u00e9xico, a 12 de junio de 2023.- M\u00e9xico vivi\u00f3 otra intensa ola de cr\u00edmenes durante el fin de semana.<\/p>\n\n\n\n<p>La noche del s\u00e1bado, una balacera en un palenque de gallos clandestino dej\u00f3 tres hombres muertos y cuatro personas lesionadas, entre ellas una mujer y un menor de edad, en la comunidad La Venta, en el municipio de San Jos\u00e9 Iturbide, Guanajuato, report\u00f3 \u201cMilenio\u201d.<\/p>\n\n\n\n<p>En tanto, en los municipios de Ahome, Culiac\u00e1n, Mazatl\u00e1n y Sinaloa, ocho personas resultaron muertas, entre las v\u00edctimas se encuentra un militar y una mujer de nombre Fanny Patricia \u201cN\u201d, de 34 a\u00f1os de edad, la cual falleci\u00f3 cuando su familia la trasladaba a un hospital luego de ser golpeada en forma severa por su pareja, seg\u00fan informaci\u00f3n de \u201cEl Universal\u00bb.<\/p>\n\n\n\n<p>Adem\u00e1s, la ma\u00f1ana de este domingo fueron localizados dos cuerpos sin vida en el fraccionamiento Chulavista, ubicado en el municipio de Tlajomulco de Z\u00fa\u00f1iga, en el estado de Jalisco.<\/p>\n\n\n\n<p>Vecinos de la zona realizaron un reporte a la l\u00ednea de emergencia 911, donde se\u00f1alaron que sobre la calle Cerro San Alfonso a su cruce con Cerro Juncal, se encontraban dos bultos sospechosos.<\/p>\n\n\n\n<p>A su vez, de acuerdo con informaci\u00f3n de \u201cMilenio\u201d, siete conjuntos \u00f3seos fueron encontrados&nbsp;en la zona selv\u00e1tica del municipio de Jos\u00e9 Mar\u00eda Morelos, Quintana Roo.<\/p>\n\n\n\n<p>El hallazgo fue anunciado la noche del s\u00e1bado, por la Fiscal\u00eda General del Estado, a trav\u00e9s de sus cuentas oficiales en redes sociales.<\/p>\n","protected":false},"excerpt":{"rendered":"<p>Redacci\u00f3n\/Zona Roja Cdmx. Ciudad de M\u00e9xico, a 12 de junio de 2023.- M\u00e9xico vivi\u00f3 otra&hellip;<\/p>\n","protected":false},"author":2,"featured_media":47151,"comment_status":"closed","ping_status":"open","sticky":false,"template":"","format":"standard","meta":{"_lmt_disableupdate":"","_lmt_disable":"","_jetpack_memberships_contains_paid_content":false,"footnotes":""},"categories":[109,51],"tags":[1746],"class_list":["post-56343","post","type-post","status-publish","format-standard","has-post-thumbnail","hentry","category-minuto-a-minuto","category-zona-roja","tag-violencia-en-mexico"],"jetpack_featured_media_url":"https:\/\/zonaroja.com.mx\/wp-content\/uploads\/2022\/10\/Delitos-violencia-homicidios-asesinatos-Oaxaca.jpg","jetpack_sharing_enabled":true,"_links":{"self":[{"href":"https:\/\/zonaroja.com.mx\/index.php?rest_route=\/wp\/v2\/posts\/56343","targetHints":{"allow":["GET"]}}],"collection":[{"href":"https:\/\/zonaroja.com.mx\/index.php?rest_route=\/wp\/v2\/posts"}],"about":[{"href":"https:\/\/zonaroja.com.mx\/index.php?rest_route=\/wp\/v2\/types\/post"}],"author":[{"embeddable":true,"href":"https:\/\/zonaroja.com.mx\/index.php?rest_route=\/wp\/v2\/users\/2"}],"replies":[{"embeddable":true,"href":"https:\/\/zonaroja.com.mx\/index.php?rest_route=%2Fwp%2Fv2%2Fcomments&post=56343"}],"version-history":[{"count":1,"href":"https:\/\/zonaroja.com.mx\/index.php?rest_route=\/wp\/v2\/posts\/56343\/revisions"}],"predecessor-version":[{"id":56344,"href":"https:\/\/zonaroja.com.mx\/index.php?rest_route=\/wp\/v2\/posts\/56343\/revisions\/56344"}],"wp:featuredmedia":[{"embeddable":true,"href":"https:\/\/zonaroja.com.mx\/index.php?rest_route=\/wp\/v2\/media\/47151"}],"wp:attachment":[{"href":"https:\/\/zonaroja.com.mx\/index.php?rest_route=%2Fwp%2Fv2%2Fmedia&parent=56343"}],"wp:term":[{"taxonomy":"category","embeddable":true,"href":"https:\/\/zonaroja.com.mx\/index.php?rest_route=%2Fwp%2Fv2%2Fcategories&post=56343"},{"taxonomy":"post_tag","embeddable":true,"href":"https:\/\/zonaroja.com.mx\/index.php?rest_route=%2Fwp%2Fv2%2Ftags&post=56343"}],"curies":[{"name":"wp","href":"https:\/\/api.w.org\/{rel}","templated":true}]}}