{"id":56356,"date":"2023-06-12T12:27:00","date_gmt":"2023-06-12T17:27:00","guid":{"rendered":"http:\/\/www.zonaroja.com.mx\/?p=56356"},"modified":"2023-06-12T13:29:29","modified_gmt":"2023-06-12T18:29:29","slug":"inicia-chimalapa-bloqueo-carretero-de-tres-dias-en-el-istmo","status":"publish","type":"post","link":"https:\/\/zonaroja.com.mx\/?p=56356","title":{"rendered":"Inicia Chimalapa bloqueo carretero de tres d\u00edas en el Istmo"},"content":{"rendered":"\n<p>Redacci\u00f3n\/Zona Roja.<\/p>\n\n\n\n<p>Oaxaca de Ju\u00e1rez, Oax., a 12 de enero de 2023.- A falta de cumplimiento de los acuerdos por parte de la Secretar\u00eda de Gobierno de Oaxaca, habitantes y autoridades de Santa Mar\u00eda Chimalapa inici\u00f3 la ma\u00f1ana de este lunes un bloqueo de tres d\u00edas a la carretera Trans\u00edstmica, a la altura de la localidad El Mezquite, del municipio de Asunci\u00f3n Ixtaltepec.<\/p>\n\n\n\n<p>Desde el 10 de junio, mediante un oficio, la presidencia municipal, a trav\u00e9s de la S\u00edndica, Celestina R\u00edos L\u00f3pez, y el secretario Municipal, Imer Hern\u00e1ndez Mendoza, as\u00ed como las autoridades comunales, notificaron de su determinaci\u00f3n.<\/p>\n\n\n\n<p>Sin embargo, no hubo ning\u00fan avance en el di\u00e1logo que tuvieron la semana pasada con el secretario de Gobierno, Jes\u00fas Romero L\u00f3pez.<\/p>\n\n\n\n<p>La inconformidad es porque el Gobierno del Estado, que encabeza Salom\u00f3n Jara Cruz, no ha cumplido con los acuerdos tomados para la delimitaci\u00f3n y entrega de sus tierras en conflicto con el estado de Chiapas, y cuya sentencia de la Suprema Corte de Justicia de la Naci\u00f3n result\u00f3 a favor de los oaxaque\u00f1os.<\/p>\n\n\n\n<p>Fue l 8 de noviembre de 2021, luego de nueve a\u00f1os de juicio, en que la Corte aprob\u00f3 la sentencia, definitiva e inatacable, la Controversia Constitucional 121\/2012, que le da la la raz\u00f3n hist\u00f3rica y jur\u00eddica -m\u00e1s que al gobierno del estado de Oaxaca por encima del gobierno de Chiapas- a los municipios ind\u00edgenas zoques de Santa Mar\u00eda y San Miguel Chimalapa, con lo cual se sentaron las bases jur\u00eddicas y pol\u00edticas, para rescatar 162 mil ha de territorio comunal y municipal zoque chimalapa,<\/p>\n\n\n\n<p>Hace m\u00e1s de un mes, el Gobierno del Estado, a trav\u00e9s de la Consejer\u00eda Jur\u00eddica, inici\u00f3 las acciones para concretar en los hechos la sentencia, pero inconformidad de pobladores chiapanecos mantiene estancadas hasta el momento las definiciones lim\u00edtrofes.<\/p>\n","protected":false},"excerpt":{"rendered":"<p>Redacci\u00f3n\/Zona Roja. Oaxaca de Ju\u00e1rez, Oax., a 12 de enero de 2023.- A falta de&hellip;<\/p>\n","protected":false},"author":2,"featured_media":56363,"comment_status":"closed","ping_status":"open","sticky":false,"template":"","format":"standard","meta":{"_lmt_disableupdate":"","_lmt_disable":"","_jetpack_memberships_contains_paid_content":false,"footnotes":""},"categories":[109,47],"tags":[2949],"class_list":["post-56356","post","type-post","status-publish","format-standard","has-post-thumbnail","hentry","category-minuto-a-minuto","category-zona-gris","tag-controversia-constitucional-chimalapas"],"jetpack_featured_media_url":"https:\/\/zonaroja.com.mx\/wp-content\/uploads\/2023\/06\/6a4bfdb9-9044-4082-a65b-a5af0231ceda.jpg","jetpack_sharing_enabled":true,"_links":{"self":[{"href":"https:\/\/zonaroja.com.mx\/index.php?rest_route=\/wp\/v2\/posts\/56356","targetHints":{"allow":["GET"]}}],"collection":[{"href":"https:\/\/zonaroja.com.mx\/index.php?rest_route=\/wp\/v2\/posts"}],"about":[{"href":"https:\/\/zonaroja.com.mx\/index.php?rest_route=\/wp\/v2\/types\/post"}],"author":[{"embeddable":true,"href":"https:\/\/zonaroja.com.mx\/index.php?rest_route=\/wp\/v2\/users\/2"}],"replies":[{"embeddable":true,"href":"https:\/\/zonaroja.com.mx\/index.php?rest_route=%2Fwp%2Fv2%2Fcomments&post=56356"}],"version-history":[{"count":1,"href":"https:\/\/zonaroja.com.mx\/index.php?rest_route=\/wp\/v2\/posts\/56356\/revisions"}],"predecessor-version":[{"id":56357,"href":"https:\/\/zonaroja.com.mx\/index.php?rest_route=\/wp\/v2\/posts\/56356\/revisions\/56357"}],"wp:featuredmedia":[{"embeddable":true,"href":"https:\/\/zonaroja.com.mx\/index.php?rest_route=\/wp\/v2\/media\/56363"}],"wp:attachment":[{"href":"https:\/\/zonaroja.com.mx\/index.php?rest_route=%2Fwp%2Fv2%2Fmedia&parent=56356"}],"wp:term":[{"taxonomy":"category","embeddable":true,"href":"https:\/\/zonaroja.com.mx\/index.php?rest_route=%2Fwp%2Fv2%2Fcategories&post=56356"},{"taxonomy":"post_tag","embeddable":true,"href":"https:\/\/zonaroja.com.mx\/index.php?rest_route=%2Fwp%2Fv2%2Ftags&post=56356"}],"curies":[{"name":"wp","href":"https:\/\/api.w.org\/{rel}","templated":true}]}}