{"id":56359,"date":"2023-06-12T12:30:00","date_gmt":"2023-06-12T17:30:00","guid":{"rendered":"http:\/\/www.zonaroja.com.mx\/?p=56359"},"modified":"2023-06-12T09:32:08","modified_gmt":"2023-06-12T14:32:08","slug":"tras-ejecucion-extrajudicial-en-tamaulipas-detienen-y-enjuician-a-16-militares","status":"publish","type":"post","link":"https:\/\/zonaroja.com.mx\/?p=56359","title":{"rendered":"Tras ejecuci\u00f3n extrajudicial en Tamaulipas, detienen y enjuician a 16 militares"},"content":{"rendered":"\n<p>Redacci\u00f3n\/Zona Roja Cdmx.<\/p>\n\n\n\n<p>Ciudad de M\u00e9xico, a 12 de junio de 2023.- La Secretaria de la Defensa Nacional (Sedena), inform\u00f3 que 16 militares fueron detenidos por su participaci\u00f3n en la presunta ejecuci\u00f3n extrajudicial de cinco personas en Nuevo Laredo, Tamaulipas, ocurrida el 18 de mayo pasado.<\/p>\n\n\n\n<p>A trav\u00e9s de un comunicado el Ej\u00e9rcito detall\u00f3 que las \u00f3rdenes de aprehensi\u00f3n fueron otorgadas por el Juzgado Primero de Control de la Primera Regi\u00f3n Militar, por presuntamente configurarse delitos contrarios a la disciplina militar. \u201cDichas \u00f3rdenes se cumplimentaron con absoluto respeto al debido proceso y a los derechos humanos de los imputados\u201d, a\u00f1adi\u00f3.<\/p>\n\n\n\n<p>De acuerdo con informaci\u00f3n de la Secretar\u00eda de la Defensa, el pasado viernes 9 de junio los 16 detenidos fueron vinculados a proceso, por lo que se les dict\u00f3 la medida cautelar de prisi\u00f3n preventiva, la cual cumplir\u00e1n en la Prisi\u00f3n Militar de la Primera Regi\u00f3n Militar, ubicada en el interior del Campo Militar N\u00famero 1-A, Ciudad de M\u00e9xico.<\/p>\n\n\n\n<p>En este sentido, la Sedena subray\u00f3 que estas acciones son independientes a la investigaci\u00f3n que realiza la Fiscal\u00eda General de la Rep\u00fablica, con la cual colabora el Ej\u00e9rcito, a fin de que se determinen las responsabilidades correspondientes en el orden federal.<\/p>\n\n\n\n<p>Al tiempo que se dijo firme con el compromiso de actuar en todo momento en el cumplimiento de sus misiones, con irrestricto apego al respeto de los derechos humanos y a la Ley Nacional sobre el Uso de la Fuerza, garantizando que ning\u00fan acto contrario a la legalidad que hubiere sido perpetrado por parte de alguno de sus elementos quede impune.<\/p>\n\n\n\n<p>Cabe resaltar que estas detenciones se relacionan con la difusi\u00f3n de un video en el cual se evidencian actos extrajudiciales por parte de militares que persegu\u00edan a presuntos delincuentes en la localidad de Nuevo Laredo, Tamaulipas.<\/p>\n\n\n\n<p>Y es que seg\u00fan las grabaciones de una c\u00e1mara de una tienda de autoservicio, se observa el momento en que un grupo de civiles chocaron la camioneta en la que viajaban contra una malla cicl\u00f3nica, por lo que al llegar los elementos de la Sedena al lugar, los hombres, supuestamente armados, son sometidos por militares. Sin embargo, los elementos castrenses no realizan las diligencias necesarias para detenerlos, ya que los colocan de espaldas y de rodillas en la malla, para luego dispararles.<\/p>\n\n\n\n<p>Adem\u00e1s, las im\u00e1genes muestran c\u00f3mo los soldados comenzaron a disparar en repetidas ocasiones contra la camioneta de las v\u00edctimas, al tiempo que se observa c\u00f3mo tambi\u00e9n \u201csiembran\u201d armas de alto calibre en la escena.<\/p>\n\n\n\n<p>(Informaci\u00f3n de \u201cEl Economista\u201d)<\/p>\n","protected":false},"excerpt":{"rendered":"<p>Redacci\u00f3n\/Zona Roja Cdmx. Ciudad de M\u00e9xico, a 12 de junio de 2023.- La Secretaria de&hellip;<\/p>\n","protected":false},"author":2,"featured_media":56172,"comment_status":"closed","ping_status":"open","sticky":false,"template":"","format":"standard","meta":{"_lmt_disableupdate":"","_lmt_disable":"","_jetpack_memberships_contains_paid_content":false,"footnotes":""},"categories":[109,47],"tags":[2771],"class_list":["post-56359","post","type-post","status-publish","format-standard","has-post-thumbnail","hentry","category-minuto-a-minuto","category-zona-gris","tag-masacre-tamaulipas"],"jetpack_featured_media_url":"https:\/\/zonaroja.com.mx\/wp-content\/uploads\/2023\/06\/Militares-ejecucion-extrajudicial-Tamaulipas.jpg","jetpack_sharing_enabled":true,"_links":{"self":[{"href":"https:\/\/zonaroja.com.mx\/index.php?rest_route=\/wp\/v2\/posts\/56359","targetHints":{"allow":["GET"]}}],"collection":[{"href":"https:\/\/zonaroja.com.mx\/index.php?rest_route=\/wp\/v2\/posts"}],"about":[{"href":"https:\/\/zonaroja.com.mx\/index.php?rest_route=\/wp\/v2\/types\/post"}],"author":[{"embeddable":true,"href":"https:\/\/zonaroja.com.mx\/index.php?rest_route=\/wp\/v2\/users\/2"}],"replies":[{"embeddable":true,"href":"https:\/\/zonaroja.com.mx\/index.php?rest_route=%2Fwp%2Fv2%2Fcomments&post=56359"}],"version-history":[{"count":1,"href":"https:\/\/zonaroja.com.mx\/index.php?rest_route=\/wp\/v2\/posts\/56359\/revisions"}],"predecessor-version":[{"id":56360,"href":"https:\/\/zonaroja.com.mx\/index.php?rest_route=\/wp\/v2\/posts\/56359\/revisions\/56360"}],"wp:featuredmedia":[{"embeddable":true,"href":"https:\/\/zonaroja.com.mx\/index.php?rest_route=\/wp\/v2\/media\/56172"}],"wp:attachment":[{"href":"https:\/\/zonaroja.com.mx\/index.php?rest_route=%2Fwp%2Fv2%2Fmedia&parent=56359"}],"wp:term":[{"taxonomy":"category","embeddable":true,"href":"https:\/\/zonaroja.com.mx\/index.php?rest_route=%2Fwp%2Fv2%2Fcategories&post=56359"},{"taxonomy":"post_tag","embeddable":true,"href":"https:\/\/zonaroja.com.mx\/index.php?rest_route=%2Fwp%2Fv2%2Ftags&post=56359"}],"curies":[{"name":"wp","href":"https:\/\/api.w.org\/{rel}","templated":true}]}}