{"id":56365,"date":"2023-06-12T17:32:13","date_gmt":"2023-06-12T22:32:13","guid":{"rendered":"http:\/\/www.zonaroja.com.mx\/?p=56365"},"modified":"2023-06-12T17:32:56","modified_gmt":"2023-06-12T22:32:56","slug":"matan-a-balazos-a-otra-mujer-en-oaxaca-asi-como-a-su-pareja","status":"publish","type":"post","link":"https:\/\/zonaroja.com.mx\/?p=56365","title":{"rendered":"Matan a balazos a otra mujer en Oaxaca, as\u00ed como a su pareja"},"content":{"rendered":"\n<p>Ismael Garc\u00eda M.\/Zona Roja. <\/p>\n\n\n\n<p>Oaxaca de Ju\u00e1rez, Oax., a 12 de junio de 2023.- Otra mujer fue asesinada a balazos en Oaxaca, junto con su pareja, y ahora fue en la regi\u00f3n anteriormente conocida como la Ca\u00f1ada.<\/p>\n\n\n\n<p>En la comunidad Joya Duraznos, del municipio de Cuyamecalco Villa de Zaragoza, distrito de Cuicatl\u00e1n, sujetos armados con escopetas dispararon en contra de la pareja.&nbsp;<\/p>\n\n\n\n<p>La mujer y el var\u00f3n a\u00fan no han sido identificados y la Fiscal\u00eda General del Estado de Oaxaca ya investiga el caso.&nbsp;<\/p>\n\n\n\n<p>Respecto a los crecientes feminicidios, el organismo civil Grupo de Estudios de la Mujer \u201cRosario Castellanos\u201d emiti\u00f3 hoy un pronunciamiento:<\/p>\n\n\n\n<p>\u201cEs hora de unirnos y demandar un cambio real, un cambio que garantice la seguridad y la dignidad de todas las mujeres en Oaxaca.&nbsp;<\/p>\n\n\n\n<p>\u201c\u00a1No podemos permitirnos quedarnos de brazos cruzados ante la violencia de g\u00e9nero! Juntos podemos marcar la diferencia y construir un futuro donde todas las mujeres vivan libres de miedo y violencia\u201d, expuso en un comunicado.<\/p>\n\n\n\n<p>Detall\u00f3 que, de acuerdo con el conteo hemerogr\u00e1fico, del 1 de diciembre de 2022 al 12 de junio, gobierno de Salom\u00f3n Jara Cruz, van 62 muertes violentas, sin contar con el caso de Cuyamecalco.<\/p>\n\n\n\n<p>En lo que va de este a\u00f1o, suman 49 cr\u00edmenes y la mayor\u00eda de casos se concentran en la regi\u00f3n Valles C\u00e9ntrales, seguido del Istmo.&nbsp;<\/p>\n\n\n\n<p>GES Mujer record\u00f3 el caso de una mujer ultimada la semana pasada en Santiago Ihuitl\u00e1n Plumas:<\/p>\n\n\n\n<p>\u201cEl impactante caso de Lucila nos recuerda de manera sombr\u00eda la urgencia de emprender acciones concretas y efectivas para proteger a las mujeres en nuestra regi\u00f3n.&nbsp;<\/p>\n\n\n\n<p>\u201cA medida que las comunidades y las familias siguen llorando la p\u00e9rdida de vidas, sentimos una creciente presi\u00f3n sobre las autoridades responsables para que tomen medidas decisivas contra esta terrible problem\u00e1tica\u201d, indic\u00f3 en su comunicado.&nbsp;<\/p>\n","protected":false},"excerpt":{"rendered":"<p>Ismael Garc\u00eda M.\/Zona Roja. Oaxaca de Ju\u00e1rez, Oax., a 12 de junio de 2023.- Otra&hellip;<\/p>\n","protected":false},"author":2,"featured_media":56364,"comment_status":"closed","ping_status":"open","sticky":false,"template":"","format":"standard","meta":{"_lmt_disableupdate":"","_lmt_disable":"","_jetpack_memberships_contains_paid_content":false,"footnotes":""},"categories":[109,51],"tags":[],"class_list":["post-56365","post","type-post","status-publish","format-standard","has-post-thumbnail","hentry","category-minuto-a-minuto","category-zona-roja"],"jetpack_featured_media_url":"https:\/\/zonaroja.com.mx\/wp-content\/uploads\/2023\/06\/fe27e486-0a48-41ed-94c3-276bed856835.jpg","jetpack_sharing_enabled":true,"_links":{"self":[{"href":"https:\/\/zonaroja.com.mx\/index.php?rest_route=\/wp\/v2\/posts\/56365","targetHints":{"allow":["GET"]}}],"collection":[{"href":"https:\/\/zonaroja.com.mx\/index.php?rest_route=\/wp\/v2\/posts"}],"about":[{"href":"https:\/\/zonaroja.com.mx\/index.php?rest_route=\/wp\/v2\/types\/post"}],"author":[{"embeddable":true,"href":"https:\/\/zonaroja.com.mx\/index.php?rest_route=\/wp\/v2\/users\/2"}],"replies":[{"embeddable":true,"href":"https:\/\/zonaroja.com.mx\/index.php?rest_route=%2Fwp%2Fv2%2Fcomments&post=56365"}],"version-history":[{"count":1,"href":"https:\/\/zonaroja.com.mx\/index.php?rest_route=\/wp\/v2\/posts\/56365\/revisions"}],"predecessor-version":[{"id":56366,"href":"https:\/\/zonaroja.com.mx\/index.php?rest_route=\/wp\/v2\/posts\/56365\/revisions\/56366"}],"wp:featuredmedia":[{"embeddable":true,"href":"https:\/\/zonaroja.com.mx\/index.php?rest_route=\/wp\/v2\/media\/56364"}],"wp:attachment":[{"href":"https:\/\/zonaroja.com.mx\/index.php?rest_route=%2Fwp%2Fv2%2Fmedia&parent=56365"}],"wp:term":[{"taxonomy":"category","embeddable":true,"href":"https:\/\/zonaroja.com.mx\/index.php?rest_route=%2Fwp%2Fv2%2Fcategories&post=56365"},{"taxonomy":"post_tag","embeddable":true,"href":"https:\/\/zonaroja.com.mx\/index.php?rest_route=%2Fwp%2Fv2%2Ftags&post=56365"}],"curies":[{"name":"wp","href":"https:\/\/api.w.org\/{rel}","templated":true}]}}